{"id":2058,"date":"2021-12-25T20:43:52","date_gmt":"2021-12-25T19:43:52","guid":{"rendered":"http:\/\/svetaobitelj.hr\/?p=2058"},"modified":"2021-12-25T20:43:52","modified_gmt":"2021-12-25T19:43:52","slug":"redari-u-jednoj-od-akcija","status":"publish","type":"post","link":"https:\/\/svetaobitelj.hr\/?p=2058","title":{"rendered":"Redari u jednoj od akcija&#8230;"},"content":{"rendered":"\n<p>Na\u0161i vrijedni redari ne samo da brinu o va\u0161em zdravlju i provo\u0111enju epidemiolo\u0161kih mjera, ve\u0107 brinu i o tome da na\u0161a crkva bude adekvatno ure\u0111ena za nastupaju\u0107e blagdane. Ponosni smo na spremnost i po\u017ertvovanost nekolicine \u017eupljana koji su se spremno odazvali i priklju\u010dili ovoj akciji redara. Zahvalni smo na\u0161em \u017eupljaninu koji je darivao nordijsku jelku da bi nam prostor u crkvi bio oku ugodan. Isto tako zahvaljujemo de\u010dkima koji su spremno pje\u0161ice donijeli tu istu jelku u na\u0161u crkvu. Uz pjesmu, dru\u017eenje i smijeh ni\u0161ta nije problem, pa su tako nastale i ove jedinstvene jaslice u na\u0161oj crkvi. Nije \u0161to su na\u0161e, ali su zaista najljep\u0161e. Unato\u010d malobrojnim kritikama na ra\u010dun redara, oni i dalje spremno obavljaju svoju du\u017enost, kao i sve ostale obveze i radove koje \u010dine izvan svetih misa, a sve na dobrobit ove na\u0161e \u017eupe. Ujedno se zahvaljuju svima na svakom osmjehu, rije\u010dima podr\u0161ke i molitvama.<\/p>\n\n\n\n<figure class=\"wp-block-image size-large\"><img loading=\"lazy\" decoding=\"async\" width=\"1024\" height=\"768\" src=\"http:\/\/svetaobitelj.hr\/wp-content\/uploads\/2021\/12\/slika1-1024x768.jpg\" alt=\"\" class=\"wp-image-2059\" srcset=\"https:\/\/svetaobitelj.hr\/wp-content\/uploads\/2021\/12\/slika1-1024x768.jpg 1024w, https:\/\/svetaobitelj.hr\/wp-content\/uploads\/2021\/12\/slika1-300x225.jpg 300w, https:\/\/svetaobitelj.hr\/wp-content\/uploads\/2021\/12\/slika1-768x576.jpg 768w, https:\/\/svetaobitelj.hr\/wp-content\/uploads\/2021\/12\/slika1-1536x1152.jpg 1536w, https:\/\/svetaobitelj.hr\/wp-content\/uploads\/2021\/12\/slika1-2048x1536.jpg 2048w\" sizes=\"auto, (max-width: 1024px) 100vw, 1024px\" \/><\/figure>\n","protected":false},"excerpt":{"rendered":"<p>Na\u0161i vrijedni redari ne samo da brinu o va\u0161em zdravlju i provo\u0111enju epidemiolo\u0161kih mjera, ve\u0107 brinu i o tome da na\u0161a crkva bude adekvatno ure\u0111ena za nastupaju\u0107e blagdane. Ponosni smo na spremnost i po\u017ertvovanost nekolicine \u017eupljana koji su se spremno odazvali i priklju\u010dili ovoj akciji redara. Zahvalni smo na\u0161em \u017eupljaninu koji je darivao nordijsku jelku <a href=\"https:\/\/svetaobitelj.hr\/?p=2058\" class=\"more-link\">[&hellip;]<\/a><\/p>\n","protected":false},"author":2,"featured_media":0,"comment_status":"closed","ping_status":"open","sticky":false,"template":"","format":"standard","meta":{"footnotes":""},"categories":[3],"tags":[],"class_list":["entry","author-","post-2058","post","type-post","status-publish","format-standard","category-zupa"],"_links":{"self":[{"href":"https:\/\/svetaobitelj.hr\/index.php?rest_route=\/wp\/v2\/posts\/2058","targetHints":{"allow":["GET"]}}],"collection":[{"href":"https:\/\/svetaobitelj.hr\/index.php?rest_route=\/wp\/v2\/posts"}],"about":[{"href":"https:\/\/svetaobitelj.hr\/index.php?rest_route=\/wp\/v2\/types\/post"}],"author":[{"embeddable":true,"href":"https:\/\/svetaobitelj.hr\/index.php?rest_route=\/wp\/v2\/users\/2"}],"replies":[{"embeddable":true,"href":"https:\/\/svetaobitelj.hr\/index.php?rest_route=%2Fwp%2Fv2%2Fcomments&post=2058"}],"version-history":[{"count":1,"href":"https:\/\/svetaobitelj.hr\/index.php?rest_route=\/wp\/v2\/posts\/2058\/revisions"}],"predecessor-version":[{"id":2060,"href":"https:\/\/svetaobitelj.hr\/index.php?rest_route=\/wp\/v2\/posts\/2058\/revisions\/2060"}],"wp:attachment":[{"href":"https:\/\/svetaobitelj.hr\/index.php?rest_route=%2Fwp%2Fv2%2Fmedia&parent=2058"}],"wp:term":[{"taxonomy":"category","embeddable":true,"href":"https:\/\/svetaobitelj.hr\/index.php?rest_route=%2Fwp%2Fv2%2Fcategories&post=2058"},{"taxonomy":"post_tag","embeddable":true,"href":"https:\/\/svetaobitelj.hr\/index.php?rest_route=%2Fwp%2Fv2%2Ftags&post=2058"}],"curies":[{"name":"wp","href":"https:\/\/api.w.org\/{rel}","templated":true}]}}