{"id":205,"date":"2018-03-14T09:52:35","date_gmt":"2018-03-14T08:52:35","guid":{"rendered":"http:\/\/svetaobitelj.hr\/?p=205"},"modified":"2020-01-29T21:59:29","modified_gmt":"2020-01-29T20:59:29","slug":"premijera-filma-14-prepreka","status":"publish","type":"post","link":"https:\/\/svetaobitelj.hr\/?p=205","title":{"rendered":"Premijera filma 14 prepreka"},"content":{"rendered":"<p>Udruga katoli\u010dkih intelektualaca i Institut za novu evangelizaciju \u201eSv. Ivan Pavao II.\u201c , u sklopu Korizmenih susreta u Vikarijatu, organizirali su premijernu projekciju dokumentarnog filma \u201e14 prepreka\u201c, autora i redatelja Sre\u0107ka Kari\u0107a. Film govori o Marijanu Alma\u0161u, hrvatskom branitelju, ratnom vojnom invalidu prve skupine i pjesniku. Na projekciji je bilo i nekoliko na\u0161ih \u017eupljana.<\/p>\n<p><img loading=\"lazy\" decoding=\"async\" src=\"http:\/\/svetaobitelj.hr\/wp-content\/uploads\/2018\/03\/thumbnail-300x225.jpg\" alt=\"\" width=\"300\" height=\"225\" class=\"alignnone size-medium wp-image-206\" srcset=\"https:\/\/svetaobitelj.hr\/wp-content\/uploads\/2018\/03\/thumbnail-300x225.jpg 300w, https:\/\/svetaobitelj.hr\/wp-content\/uploads\/2018\/03\/thumbnail-768x576.jpg 768w, https:\/\/svetaobitelj.hr\/wp-content\/uploads\/2018\/03\/thumbnail-1024x768.jpg 1024w, https:\/\/svetaobitelj.hr\/wp-content\/uploads\/2018\/03\/thumbnail.jpg 1080w\" sizes=\"auto, (max-width: 300px) 100vw, 300px\" \/><\/p>\n","protected":false},"excerpt":{"rendered":"<p>Udruga katoli\u010dkih intelektualaca i Institut za novu evangelizaciju \u201eSv. Ivan Pavao II.\u201c , u sklopu Korizmenih susreta u Vikarijatu, organizirali su premijernu projekciju dokumentarnog filma \u201e14 prepreka\u201c, autora i redatelja Sre\u0107ka Kari\u0107a. Film govori o Marijanu Alma\u0161u, hrvatskom branitelju, ratnom vojnom invalidu prve skupine i pjesniku. Na projekciji je bilo i nekoliko na\u0161ih \u017eupljana.<\/p>\n","protected":false},"author":2,"featured_media":0,"comment_status":"closed","ping_status":"closed","sticky":false,"template":"","format":"standard","meta":{"footnotes":""},"categories":[3],"tags":[],"class_list":["entry","author-","post-205","post","type-post","status-publish","format-standard","category-zupa"],"_links":{"self":[{"href":"https:\/\/svetaobitelj.hr\/index.php?rest_route=\/wp\/v2\/posts\/205","targetHints":{"allow":["GET"]}}],"collection":[{"href":"https:\/\/svetaobitelj.hr\/index.php?rest_route=\/wp\/v2\/posts"}],"about":[{"href":"https:\/\/svetaobitelj.hr\/index.php?rest_route=\/wp\/v2\/types\/post"}],"author":[{"embeddable":true,"href":"https:\/\/svetaobitelj.hr\/index.php?rest_route=\/wp\/v2\/users\/2"}],"replies":[{"embeddable":true,"href":"https:\/\/svetaobitelj.hr\/index.php?rest_route=%2Fwp%2Fv2%2Fcomments&post=205"}],"version-history":[{"count":1,"href":"https:\/\/svetaobitelj.hr\/index.php?rest_route=\/wp\/v2\/posts\/205\/revisions"}],"predecessor-version":[{"id":207,"href":"https:\/\/svetaobitelj.hr\/index.php?rest_route=\/wp\/v2\/posts\/205\/revisions\/207"}],"wp:attachment":[{"href":"https:\/\/svetaobitelj.hr\/index.php?rest_route=%2Fwp%2Fv2%2Fmedia&parent=205"}],"wp:term":[{"taxonomy":"category","embeddable":true,"href":"https:\/\/svetaobitelj.hr\/index.php?rest_route=%2Fwp%2Fv2%2Fcategories&post=205"},{"taxonomy":"post_tag","embeddable":true,"href":"https:\/\/svetaobitelj.hr\/index.php?rest_route=%2Fwp%2Fv2%2Ftags&post=205"}],"curies":[{"name":"wp","href":"https:\/\/api.w.org\/{rel}","templated":true}]}}