{"id":2034,"date":"2021-12-04T08:55:53","date_gmt":"2021-12-04T07:55:53","guid":{"rendered":"https:\/\/svetaobitelj.hr\/?p=2034"},"modified":"2021-12-04T08:55:53","modified_gmt":"2021-12-04T07:55:53","slug":"zupne-obavijesti-2-nedjelja-dosasca-2","status":"publish","type":"post","link":"https:\/\/svetaobitelj.hr\/?p=2034","title":{"rendered":"\u017dupne obavijesti: 2. nedjelja do\u0161a\u0161\u0107a"},"content":{"rendered":"\n<p><strong>Slavimo drugu nedjelju do\u0161a\u0161\u0107a. Ujedno je prva nedjelja u mjesecu kada se svojim molitvama i nov\u010danim prilozima sje\u0107amo na\u0161ih odgojnih ustanova \u2013 sjemeni\u0161ta te molimo za nova duhovna zvanja. Svoj nov\u010dani dar za sjemeni\u0161ta mo\u017eete dati na izlazu iz crkve.<\/strong><\/p>\n\n\n\n<p><strong>Vrijeme do\u0161a\u0161\u0107a je i vrijeme kada kao vjernici poma\u017eemo bra\u0107i i sestrama u potrebi. Prikupljanje prehrambenih proizvoda i higijenskih potrep\u0161tina za potrebite na\u0161e \u017dupe bit \u0107e do sljede\u0107e nedjelje.<\/strong><\/p>\n\n\n\n<p><strong>Caritas na\u0161e Nadbiskupije nastavlja s projektom \u201eDje\u010dja ko\u0161arica\u201c kao i projektom \u201eVeliko srce za male ljude\u201c \u010dime svojim nov\u010danim prilozima te hranom, higijenskim i dje\u010djim potrep\u0161tinama poma\u017eemo Caritasov Centar za majku i dijete, Pu\u010dku kuhinju i Centar za besku\u0107nike u Osijeku. Svoje darove mo\u017eete donijeti u \u017eupni ured.<\/strong><\/p>\n\n\n\n<p><strong>U tijeku je u Franjeva\u010dkoj crkvi u Tvr\u0111i devetnica Gospi Osje\u010dkoj. Ve\u010deras hodo\u010dasti na\u0161a \u017eupa.<\/strong><\/p>\n\n\n\n<p><strong>U srijedu slavimo Bezgre\u0161no Za\u010de\u0107e BDM. Svete mise su u 6:00 i u 18:30 sati. Susret molitvene zajednice bit \u0107e nakon ve\u010dernje svete mise.<\/strong><\/p>\n\n\n\n<p><strong>U \u010detvrtak je pobo\u017enost na \u010dast bl. Mariji Petkovi\u0107 u 18:15 sati.<\/strong><\/p>\n\n\n\n<p><strong>Sljede\u0107e nedjelje slavimo tre\u0107u nedjelju do\u0161a\u0161\u0107a koja je i Nedjelja Caritasa kada svojim molitvama i nov\u010danim prilozima poma\u017eemo njegovo djelovanje. Mo\u017eete donijeti caritasove kutijice koje ste uzeli na po\u010detku do\u0161a\u0161\u0107a i u njih stavljali svoje nov\u010dane priloge. Redoviti mjese\u010dni susret Mjesnoga bratstva OFS-a bit \u0107e u 16:30 sati.<\/strong><\/p>\n\n\n\n<p><strong>Ispovijed starih i bolesnih ljudi koji ne mogu do\u0107i u crkvu bit \u0107e u ponedjeljak, 13. prosinca od 8:30 sati. Potrebno je prijaviti ih u \u017eupnom uredu.<\/strong><\/p>\n\n\n\n<p><strong>Zahvalni za va\u0161u dosada\u0161nju pomo\u0107 kojom poma\u017eete obnovu na\u0161ih crkava i samostana nastradalih u potresima, preporu\u010damo se i nadalje va\u0161oj dobroti. Svoj nov\u010dani prilog mo\u017eete dati u posebno ozna\u010denu \u0161krabicu pri izlazu iz crkve ili u \u017eupni ured ili direktno uplatiti na ra\u010dun koji se nalazi na plakatu ili letku.<\/strong><\/p>\n\n\n\n<p><strong>U na\u0161oj \u017eupnoj crkvi obveza je dezinfekcija ruku na ulazu, no\u0161enje maski i potrebna udaljenost. Redari nam poma\u017eu u po\u0161tivanju tih mjera.<\/strong><\/p>\n\n\n\n<p><strong>Molimo sve vas koji jo\u0161 nemate \u017eupnu obiteljsku knji\u017eicu ili je potrebno upisati promjene u postoje\u0107e, da se javite u \u017eupni ured u uredovno vrijeme.<\/strong><\/p>\n\n\n\n<p><strong>Kupujte i \u010ditajte katoli\u010dki vjerski tisak. U \u017eupnom uredu i sakristiji mo\u017eete kupiti kalendare za sljede\u0107u godinu.<\/strong><\/p>\n","protected":false},"excerpt":{"rendered":"<p>Slavimo drugu nedjelju do\u0161a\u0161\u0107a. Ujedno je prva nedjelja u mjesecu kada se svojim molitvama i nov\u010danim prilozima sje\u0107amo na\u0161ih odgojnih ustanova \u2013 sjemeni\u0161ta te molimo za nova duhovna zvanja. Svoj nov\u010dani dar za sjemeni\u0161ta mo\u017eete dati na izlazu iz crkve. Vrijeme do\u0161a\u0161\u0107a je i vrijeme kada kao vjernici poma\u017eemo bra\u0107i i sestrama u potrebi. Prikupljanje <a href=\"https:\/\/svetaobitelj.hr\/?p=2034\" class=\"more-link\">[&hellip;]<\/a><\/p>\n","protected":false},"author":2,"featured_media":0,"comment_status":"closed","ping_status":"open","sticky":false,"template":"","format":"standard","meta":{"footnotes":""},"categories":[3],"tags":[],"class_list":["entry","author-","post-2034","post","type-post","status-publish","format-standard","category-zupa"],"_links":{"self":[{"href":"https:\/\/svetaobitelj.hr\/index.php?rest_route=\/wp\/v2\/posts\/2034","targetHints":{"allow":["GET"]}}],"collection":[{"href":"https:\/\/svetaobitelj.hr\/index.php?rest_route=\/wp\/v2\/posts"}],"about":[{"href":"https:\/\/svetaobitelj.hr\/index.php?rest_route=\/wp\/v2\/types\/post"}],"author":[{"embeddable":true,"href":"https:\/\/svetaobitelj.hr\/index.php?rest_route=\/wp\/v2\/users\/2"}],"replies":[{"embeddable":true,"href":"https:\/\/svetaobitelj.hr\/index.php?rest_route=%2Fwp%2Fv2%2Fcomments&post=2034"}],"version-history":[{"count":1,"href":"https:\/\/svetaobitelj.hr\/index.php?rest_route=\/wp\/v2\/posts\/2034\/revisions"}],"predecessor-version":[{"id":2035,"href":"https:\/\/svetaobitelj.hr\/index.php?rest_route=\/wp\/v2\/posts\/2034\/revisions\/2035"}],"wp:attachment":[{"href":"https:\/\/svetaobitelj.hr\/index.php?rest_route=%2Fwp%2Fv2%2Fmedia&parent=2034"}],"wp:term":[{"taxonomy":"category","embeddable":true,"href":"https:\/\/svetaobitelj.hr\/index.php?rest_route=%2Fwp%2Fv2%2Fcategories&post=2034"},{"taxonomy":"post_tag","embeddable":true,"href":"https:\/\/svetaobitelj.hr\/index.php?rest_route=%2Fwp%2Fv2%2Ftags&post=2034"}],"curies":[{"name":"wp","href":"https:\/\/api.w.org\/{rel}","templated":true}]}}