{"id":2022,"date":"2021-11-27T09:01:57","date_gmt":"2021-11-27T08:01:57","guid":{"rendered":"https:\/\/svetaobitelj.hr\/?p=2022"},"modified":"2021-11-27T09:01:57","modified_gmt":"2021-11-27T08:01:57","slug":"zupne-obavijesti-1-nedjelja-dosasca-4","status":"publish","type":"post","link":"https:\/\/svetaobitelj.hr\/?p=2022","title":{"rendered":"\u017dupne obavijesti: 1. nedjelja do\u0161a\u0161\u0107a"},"content":{"rendered":"\n<p>Slavimo prvu nedjelju do\u0161a\u0161\u0107a \u010dime zapo\u010dinje nova liturgijska ili crkvena godina. Vrijeme do\u0161a\u0161\u0107a je i vrijeme kada kao vjernici poma\u017eemo bra\u0107i i sestrama u potrebi. Prikupljanje prehrambenih proizvoda i higijenskih potrep\u0161tina za potrebite na\u0161e \u017dupe bit \u0107e izme\u0111u prve i tre\u0107e nedjelje do\u0161a\u0161\u0107a. Tko \u017eeli mo\u017ee uzeti caritasove kutijice te stavljati svoj dar u njih tijekom do\u0161a\u0161\u0107a i donijeti ih u crkvu tre\u0107e nedjelje do\u0161a\u0161\u0107a kada i slavimo Nedjelju Caritasa. Caritas na\u0161e Nadbiskupije nastavlja s projektom \u201eDje\u010dja ko\u0161arica\u201c kao i projektom \u201eVeliko srce za male ljude\u201c \u010dime svojim nov\u010danim prilozima te hranom, higijenskim i dje\u010djim potrep\u0161tinama poma\u017eemo Caritasov Centar za majku i dijete, Pu\u010dku kuhinju i Centar za besku\u0107nike u Osijeku. Svoje darove mo\u017eete donijeti u \u017eupni ured.<\/p>\n\n\n\n<p>U na\u0161em je dvori\u0161tu tzv. adventska ku\u0107ica u sjenici gdje \u010dlanovi OFS-a imaju prigodnu prodajnu akciju nakon svetih misa \u010dime \u017eele pomo\u0107i potrebitima.<\/p>\n\n\n\n<p>Mise zornice imamo svakoga radnog dana u 6 sati. Ne\u0107e biti svetih misa u 7:30 sati. U do\u0161a\u0161\u0107u ne\u0107emo imati klanjanja pred Presvetim i nema biblijskog sata.<\/p>\n\n\n\n<p>Sutra na ve\u010der zapo\u010dinje u Franjeva\u010dkoj crkvi u Tvr\u0111i devetnica Gospi Osje\u010dkoj. Osje\u010dke \u017eupe hodo\u010daste svaku ve\u010der prema rasporedu kako je napisano na plakatu na oglasnoj plo\u010di. Na\u0161a \u017eupa hodo\u010dasti u nedjelju, 5. prosinca.<\/p>\n\n\n\n<p>U srijedu je susret molitvene zajednice nakon ve\u010dernje svete mise. <\/p>\n\n\n\n<p>U ovom su tjednu prvi petak i subota u mjesecu.<\/p>\n\n\n\n<p>Sljede\u0107e nedjelje slavimo drugu nedjelju do\u0161a\u0161\u0107a. Ujedno je prva nedjelja u mjesecu kada se svojim molitvama i nov\u010danim prilozima sje\u0107amo na\u0161ih odgojnih ustanova \u2013 sjemeni\u0161ta te molimo za nova duhovna zvanja. Nakon<br>ve\u010dernje svete mise bit \u0107e \u017eupna kateheza za prve razrede srednjih \u0161kola.<\/p>\n\n\n\n<p>Zahvalni za va\u0161u dosada\u0161nju pomo\u0107 kojom poma\u017eete obnovu na\u0161ih crkava i samostana nastradalih u potresima, preporu\u010damo se i nadalje va\u0161oj dobroti. Svoj nov\u010dani prilog mo\u017eete dati u posebno ozna\u010denu \u0161krabicu pri izlazu iz crkve ili u \u017eupni ured ili direktno uplatiti na ra\u010dun koji se nalazi na plakatu ili letku.<\/p>\n\n\n\n<p>U na\u0161oj \u017eupnoj crkvi obveza je dezinfekcija ruku na ulazu, no\u0161enje maski i potrebna udaljenost. Redari nam poma\u017eu u po\u0161tivanju tih mjera. <\/p>\n\n\n\n<p>Molimo sve vas koji jo\u0161 nemate \u017eupnu obiteljsku knji\u017eicu ili je potrebno upisati promjene u postoje\u0107e, da se javite u \u017eupni ured u uredovno vrijeme. <\/p>\n\n\n\n<p>Kupujte i \u010ditajte katoli\u010dki vjerski tisak. U \u017eupnom uredu i sakristiji mo\u017eete kupiti kalendare za sljede\u0107u godinu.<\/p>\n","protected":false},"excerpt":{"rendered":"<p>Slavimo prvu nedjelju do\u0161a\u0161\u0107a \u010dime zapo\u010dinje nova liturgijska ili crkvena godina. Vrijeme do\u0161a\u0161\u0107a je i vrijeme kada kao vjernici poma\u017eemo bra\u0107i i sestrama u potrebi. Prikupljanje prehrambenih proizvoda i higijenskih potrep\u0161tina za potrebite na\u0161e \u017dupe bit \u0107e izme\u0111u prve i tre\u0107e nedjelje do\u0161a\u0161\u0107a. Tko \u017eeli mo\u017ee uzeti caritasove kutijice te stavljati svoj dar u njih <a href=\"https:\/\/svetaobitelj.hr\/?p=2022\" class=\"more-link\">[&hellip;]<\/a><\/p>\n","protected":false},"author":2,"featured_media":0,"comment_status":"closed","ping_status":"open","sticky":false,"template":"","format":"standard","meta":{"footnotes":""},"categories":[3],"tags":[],"class_list":["entry","author-","post-2022","post","type-post","status-publish","format-standard","category-zupa"],"_links":{"self":[{"href":"https:\/\/svetaobitelj.hr\/index.php?rest_route=\/wp\/v2\/posts\/2022","targetHints":{"allow":["GET"]}}],"collection":[{"href":"https:\/\/svetaobitelj.hr\/index.php?rest_route=\/wp\/v2\/posts"}],"about":[{"href":"https:\/\/svetaobitelj.hr\/index.php?rest_route=\/wp\/v2\/types\/post"}],"author":[{"embeddable":true,"href":"https:\/\/svetaobitelj.hr\/index.php?rest_route=\/wp\/v2\/users\/2"}],"replies":[{"embeddable":true,"href":"https:\/\/svetaobitelj.hr\/index.php?rest_route=%2Fwp%2Fv2%2Fcomments&post=2022"}],"version-history":[{"count":1,"href":"https:\/\/svetaobitelj.hr\/index.php?rest_route=\/wp\/v2\/posts\/2022\/revisions"}],"predecessor-version":[{"id":2023,"href":"https:\/\/svetaobitelj.hr\/index.php?rest_route=\/wp\/v2\/posts\/2022\/revisions\/2023"}],"wp:attachment":[{"href":"https:\/\/svetaobitelj.hr\/index.php?rest_route=%2Fwp%2Fv2%2Fmedia&parent=2022"}],"wp:term":[{"taxonomy":"category","embeddable":true,"href":"https:\/\/svetaobitelj.hr\/index.php?rest_route=%2Fwp%2Fv2%2Fcategories&post=2022"},{"taxonomy":"post_tag","embeddable":true,"href":"https:\/\/svetaobitelj.hr\/index.php?rest_route=%2Fwp%2Fv2%2Ftags&post=2022"}],"curies":[{"name":"wp","href":"https:\/\/api.w.org\/{rel}","templated":true}]}}