{"id":2019,"date":"2021-11-22T12:02:44","date_gmt":"2021-11-22T11:02:44","guid":{"rendered":"http:\/\/svetaobitelj.hr\/?p=2019"},"modified":"2021-11-22T12:02:45","modified_gmt":"2021-11-22T11:02:45","slug":"svjetlo-za-vukovar","status":"publish","type":"post","link":"https:\/\/svetaobitelj.hr\/?p=2019","title":{"rendered":"Svjetlo za Vukovar"},"content":{"rendered":"\n<p>Svake godine iznova u studenome sje\u0107amo se velike tragedije hrvatskoga naroda, velike \u017ertve grada heroja Vukovara. U sje\u0107anje i zahvalnost na sve poginule, nestale i ranjene branitelje i civile Vukovara upalili smo svije\u0107e na Vukovarskoj cesti, te uz molitvu pred kipom  na\u0161eg bla\u017eenika Stepinca odali po\u010dast onima koji su utkali sebe u temelje Hrvatske. Neka im je vje\u010dna hvala i slava! <\/p>\n\n\n\n<figure class=\"wp-block-image size-large\"><img loading=\"lazy\" decoding=\"async\" width=\"1024\" height=\"768\" src=\"http:\/\/svetaobitelj.hr\/wp-content\/uploads\/2021\/11\/slika2-1024x768.jpg\" alt=\"\" class=\"wp-image-2020\" srcset=\"https:\/\/svetaobitelj.hr\/wp-content\/uploads\/2021\/11\/slika2-1024x768.jpg 1024w, https:\/\/svetaobitelj.hr\/wp-content\/uploads\/2021\/11\/slika2-300x225.jpg 300w, https:\/\/svetaobitelj.hr\/wp-content\/uploads\/2021\/11\/slika2-768x576.jpg 768w, https:\/\/svetaobitelj.hr\/wp-content\/uploads\/2021\/11\/slika2-1536x1152.jpg 1536w, https:\/\/svetaobitelj.hr\/wp-content\/uploads\/2021\/11\/slika2-2048x1536.jpg 2048w\" sizes=\"auto, (max-width: 1024px) 100vw, 1024px\" \/><\/figure>\n","protected":false},"excerpt":{"rendered":"<p>Svake godine iznova u studenome sje\u0107amo se velike tragedije hrvatskoga naroda, velike \u017ertve grada heroja Vukovara. U sje\u0107anje i zahvalnost na sve poginule, nestale i ranjene branitelje i civile Vukovara upalili smo svije\u0107e na Vukovarskoj cesti, te uz molitvu pred kipom na\u0161eg bla\u017eenika Stepinca odali po\u010dast onima koji su utkali sebe u temelje Hrvatske. Neka <a href=\"https:\/\/svetaobitelj.hr\/?p=2019\" class=\"more-link\">[&hellip;]<\/a><\/p>\n","protected":false},"author":2,"featured_media":0,"comment_status":"closed","ping_status":"open","sticky":false,"template":"","format":"standard","meta":{"footnotes":""},"categories":[3],"tags":[],"class_list":["entry","author-","post-2019","post","type-post","status-publish","format-standard","category-zupa"],"_links":{"self":[{"href":"https:\/\/svetaobitelj.hr\/index.php?rest_route=\/wp\/v2\/posts\/2019","targetHints":{"allow":["GET"]}}],"collection":[{"href":"https:\/\/svetaobitelj.hr\/index.php?rest_route=\/wp\/v2\/posts"}],"about":[{"href":"https:\/\/svetaobitelj.hr\/index.php?rest_route=\/wp\/v2\/types\/post"}],"author":[{"embeddable":true,"href":"https:\/\/svetaobitelj.hr\/index.php?rest_route=\/wp\/v2\/users\/2"}],"replies":[{"embeddable":true,"href":"https:\/\/svetaobitelj.hr\/index.php?rest_route=%2Fwp%2Fv2%2Fcomments&post=2019"}],"version-history":[{"count":1,"href":"https:\/\/svetaobitelj.hr\/index.php?rest_route=\/wp\/v2\/posts\/2019\/revisions"}],"predecessor-version":[{"id":2021,"href":"https:\/\/svetaobitelj.hr\/index.php?rest_route=\/wp\/v2\/posts\/2019\/revisions\/2021"}],"wp:attachment":[{"href":"https:\/\/svetaobitelj.hr\/index.php?rest_route=%2Fwp%2Fv2%2Fmedia&parent=2019"}],"wp:term":[{"taxonomy":"category","embeddable":true,"href":"https:\/\/svetaobitelj.hr\/index.php?rest_route=%2Fwp%2Fv2%2Fcategories&post=2019"},{"taxonomy":"post_tag","embeddable":true,"href":"https:\/\/svetaobitelj.hr\/index.php?rest_route=%2Fwp%2Fv2%2Ftags&post=2019"}],"curies":[{"name":"wp","href":"https:\/\/api.w.org\/{rel}","templated":true}]}}