{"id":2016,"date":"2021-11-22T11:57:24","date_gmt":"2021-11-22T10:57:24","guid":{"rendered":"http:\/\/svetaobitelj.hr\/?p=2016"},"modified":"2021-11-22T11:57:25","modified_gmt":"2021-11-22T10:57:25","slug":"proslava-bracnih-jubileja","status":"publish","type":"post","link":"https:\/\/svetaobitelj.hr\/?p=2016","title":{"rendered":"Proslava bra\u010dnih jubileja"},"content":{"rendered":"\n<p>Skromno kao i uvijek u na\u0161oj \u017eupi obilje\u017eili smo bra\u010dne jubileje Jelene i Ivana Majora, Marije i Pave \u0160viteka i Luce i Marinka Jele\u010devi\u0107a. Neka im Gospodin udijeli obilje blagoslova te i dalje hrabro svjedo\u010de svoje bra\u010dno i obiteljsko zajedni\u0161tvo.<\/p>\n\n\n\n<figure class=\"wp-block-image size-large\"><img loading=\"lazy\" decoding=\"async\" width=\"1024\" height=\"768\" src=\"http:\/\/svetaobitelj.hr\/wp-content\/uploads\/2021\/11\/slika1-1024x768.jpg\" alt=\"\" class=\"wp-image-2017\" srcset=\"https:\/\/svetaobitelj.hr\/wp-content\/uploads\/2021\/11\/slika1-1024x768.jpg 1024w, https:\/\/svetaobitelj.hr\/wp-content\/uploads\/2021\/11\/slika1-300x225.jpg 300w, https:\/\/svetaobitelj.hr\/wp-content\/uploads\/2021\/11\/slika1-768x576.jpg 768w, https:\/\/svetaobitelj.hr\/wp-content\/uploads\/2021\/11\/slika1-1536x1152.jpg 1536w, https:\/\/svetaobitelj.hr\/wp-content\/uploads\/2021\/11\/slika1-2048x1536.jpg 2048w\" sizes=\"auto, (max-width: 1024px) 100vw, 1024px\" \/><\/figure>\n","protected":false},"excerpt":{"rendered":"<p>Skromno kao i uvijek u na\u0161oj \u017eupi obilje\u017eili smo bra\u010dne jubileje Jelene i Ivana Majora, Marije i Pave \u0160viteka i Luce i Marinka Jele\u010devi\u0107a. Neka im Gospodin udijeli obilje blagoslova te i dalje hrabro svjedo\u010de svoje bra\u010dno i obiteljsko zajedni\u0161tvo.<\/p>\n","protected":false},"author":2,"featured_media":0,"comment_status":"closed","ping_status":"open","sticky":false,"template":"","format":"standard","meta":{"footnotes":""},"categories":[3],"tags":[],"class_list":["entry","author-","post-2016","post","type-post","status-publish","format-standard","category-zupa"],"_links":{"self":[{"href":"https:\/\/svetaobitelj.hr\/index.php?rest_route=\/wp\/v2\/posts\/2016","targetHints":{"allow":["GET"]}}],"collection":[{"href":"https:\/\/svetaobitelj.hr\/index.php?rest_route=\/wp\/v2\/posts"}],"about":[{"href":"https:\/\/svetaobitelj.hr\/index.php?rest_route=\/wp\/v2\/types\/post"}],"author":[{"embeddable":true,"href":"https:\/\/svetaobitelj.hr\/index.php?rest_route=\/wp\/v2\/users\/2"}],"replies":[{"embeddable":true,"href":"https:\/\/svetaobitelj.hr\/index.php?rest_route=%2Fwp%2Fv2%2Fcomments&post=2016"}],"version-history":[{"count":1,"href":"https:\/\/svetaobitelj.hr\/index.php?rest_route=\/wp\/v2\/posts\/2016\/revisions"}],"predecessor-version":[{"id":2018,"href":"https:\/\/svetaobitelj.hr\/index.php?rest_route=\/wp\/v2\/posts\/2016\/revisions\/2018"}],"wp:attachment":[{"href":"https:\/\/svetaobitelj.hr\/index.php?rest_route=%2Fwp%2Fv2%2Fmedia&parent=2016"}],"wp:term":[{"taxonomy":"category","embeddable":true,"href":"https:\/\/svetaobitelj.hr\/index.php?rest_route=%2Fwp%2Fv2%2Fcategories&post=2016"},{"taxonomy":"post_tag","embeddable":true,"href":"https:\/\/svetaobitelj.hr\/index.php?rest_route=%2Fwp%2Fv2%2Ftags&post=2016"}],"curies":[{"name":"wp","href":"https:\/\/api.w.org\/{rel}","templated":true}]}}