{"id":2013,"date":"2021-11-20T08:51:44","date_gmt":"2021-11-20T07:51:44","guid":{"rendered":"https:\/\/svetaobitelj.hr\/?p=2013"},"modified":"2021-11-20T08:58:32","modified_gmt":"2021-11-20T07:58:32","slug":"zupne-obavijesti-nedjelja-krista-kralja-2","status":"publish","type":"post","link":"https:\/\/svetaobitelj.hr\/?p=2013","title":{"rendered":"\u017dupne obavijesti: Nedjelja Krista Kralja"},"content":{"rendered":"\n<p><strong>Slavimo Nedjelju Krista Kralja ili tridesetu i \u010detvrtu nedjelju kroz godinu. Danas je (bilo) biskupsko re\u0111enje srijemskoga biskupa koadjutora mons. Fabijana Svaline u katedrali Sv. Dimitrija, \u0111akona i mu\u010denika, u Srijemskoj Mitrovici.<\/strong><\/p>\n\n\n\n<p><strong><u>Sutra<\/u><\/strong><strong> slavimo svetu Ceciliju, za\u0161titnicu crkvene glazbe i pjevanja. Biblijski sat je nakon ve\u010dernje svete mise. U <u>utorak<\/u> je u 19:30 sati redoviti sastanak \u017eupnih vije\u0107a. U <u>srijedu<\/u> je susret molitvene zajednice nakon ve\u010dernje svete mise. &nbsp;U <u>\u010detvrtak<\/u> je nakon ve\u010dernje svete mise klanjanje pred Presvetim.<\/strong><\/p>\n\n\n\n<p><strong>Sljede\u0107e nedjelje slavimo prvu nedjelju do\u0161a\u0161\u0107a \u010dime zapo\u010dinje nova liturgijska ili crkvena godina. Vrijeme do\u0161a\u0161\u0107a je i vrijeme kada kao vjernici poma\u017eemo bra\u0107i i sestrama u potrebi. Tko \u017eeli mo\u017ee uzeti caritasove kutijice te stavljati svoj dar u njih tijekom do\u0161a\u0161\u0107a i donijeti ih u crkvu tre\u0107e nedjelje do\u0161a\u0161\u0107a kada i slavimo Nedjelju Caritasa. Prikupljanje prehrambenih proizvoda i higijenskih potrep\u0161tina za potrebite na\u0161e \u017dupe bit \u0107e izme\u0111u prve i tre\u0107e nedjelje do\u0161a\u0161\u0107a. Caritas na\u0161e Nadbiskupije nastavlja s projektom \u201eDje\u010dja ko\u0161arica\u201c kao i projektom \u201eBla\u017eenije je davati nego primati\u201c \u010dime svojim nov\u010danim prilozima te hranom, higijenskim i dje\u010djim potrep\u0161tinama poma\u017eemo Caritasov Centar za majku i dijete, Pu\u010dku kuhinju i Centar za besku\u0107nike u Osijeku. Svoje darove mo\u017eete donijeti u \u017eupni ured.<\/strong><\/p>\n\n\n\n<p><strong>U na\u0161em dvori\u0161tu bit \u0107e sljede\u0107e nedjelje tzv. adventska ku\u0107ica u sjenici gdje \u0107e \u010dlanovi OFS-a imati prigodnu prodajnu akciju nakon svetih misa \u010dime \u017eele pomo\u0107i potrebitima.<\/strong><\/p>\n\n\n\n<p><strong>Mise zornice imat \u0107emo od ponedjeljka, 29. studenoga, svakoga radnog dana u 6 sati. Ne\u0107e biti svetih misa u 7:30 sati.<\/strong><\/p>\n\n\n\n<p><strong>Zahvalni za va\u0161u dosada\u0161nju pomo\u0107 kojom poma\u017eete obnovu na\u0161ih crkava i samostana nastradalih u pro\u0161logodi\u0161njim potresima, preporu\u010damo se i nadalje va\u0161oj dobroti. Svoj nov\u010dani prilog mo\u017eete dati u posebno ozna\u010denu \u0161krabicu pri izlazu iz crkve ili u \u017eupni ured ili direktno uplatiti na ra\u010dun koji se nalazi na plakatu ili letku.<\/strong><\/p>\n\n\n\n<p><strong>U na\u0161oj \u017eupnoj crkvi obveza je dezinfekcija ruku na ulazu, no\u0161enje maski i potrebna udaljenost. Redari nam poma\u017eu u po\u0161tivanju tih mjera.<\/strong><\/p>\n\n\n\n<p><strong>Molimo sve vas koji jo\u0161 nemate \u017eupnu obiteljsku knji\u017eicu ili je potrebno upisati promjene u postoje\u0107e, da se javite u \u017eupni ured u uredovno vrijeme.<\/strong><\/p>\n\n\n\n<p><strong>Kupujte i \u010ditajte katoli\u010dki vjerski tisak. U \u017eupnom uredu i sakristiji mo\u017eete kupiti kalendare za sljede\u0107u godinu.<\/strong><\/p>\n","protected":false},"excerpt":{"rendered":"<p>Slavimo Nedjelju Krista Kralja ili tridesetu i \u010detvrtu nedjelju kroz godinu. Danas je (bilo) biskupsko re\u0111enje srijemskoga biskupa koadjutora mons. Fabijana Svaline u katedrali Sv. Dimitrija, \u0111akona i mu\u010denika, u Srijemskoj Mitrovici. Sutra slavimo svetu Ceciliju, za\u0161titnicu crkvene glazbe i pjevanja. Biblijski sat je nakon ve\u010dernje svete mise. U utorak je u 19:30 sati redoviti <a href=\"https:\/\/svetaobitelj.hr\/?p=2013\" class=\"more-link\">[&hellip;]<\/a><\/p>\n","protected":false},"author":2,"featured_media":0,"comment_status":"closed","ping_status":"open","sticky":false,"template":"","format":"standard","meta":{"footnotes":""},"categories":[3],"tags":[],"class_list":["entry","author-","post-2013","post","type-post","status-publish","format-standard","category-zupa"],"_links":{"self":[{"href":"https:\/\/svetaobitelj.hr\/index.php?rest_route=\/wp\/v2\/posts\/2013","targetHints":{"allow":["GET"]}}],"collection":[{"href":"https:\/\/svetaobitelj.hr\/index.php?rest_route=\/wp\/v2\/posts"}],"about":[{"href":"https:\/\/svetaobitelj.hr\/index.php?rest_route=\/wp\/v2\/types\/post"}],"author":[{"embeddable":true,"href":"https:\/\/svetaobitelj.hr\/index.php?rest_route=\/wp\/v2\/users\/2"}],"replies":[{"embeddable":true,"href":"https:\/\/svetaobitelj.hr\/index.php?rest_route=%2Fwp%2Fv2%2Fcomments&post=2013"}],"version-history":[{"count":2,"href":"https:\/\/svetaobitelj.hr\/index.php?rest_route=\/wp\/v2\/posts\/2013\/revisions"}],"predecessor-version":[{"id":2015,"href":"https:\/\/svetaobitelj.hr\/index.php?rest_route=\/wp\/v2\/posts\/2013\/revisions\/2015"}],"wp:attachment":[{"href":"https:\/\/svetaobitelj.hr\/index.php?rest_route=%2Fwp%2Fv2%2Fmedia&parent=2013"}],"wp:term":[{"taxonomy":"category","embeddable":true,"href":"https:\/\/svetaobitelj.hr\/index.php?rest_route=%2Fwp%2Fv2%2Fcategories&post=2013"},{"taxonomy":"post_tag","embeddable":true,"href":"https:\/\/svetaobitelj.hr\/index.php?rest_route=%2Fwp%2Fv2%2Ftags&post=2013"}],"curies":[{"name":"wp","href":"https:\/\/api.w.org\/{rel}","templated":true}]}}