{"id":2010,"date":"2021-11-13T15:57:24","date_gmt":"2021-11-13T14:57:24","guid":{"rendered":"https:\/\/svetaobitelj.hr\/?p=2010"},"modified":"2021-11-13T15:57:24","modified_gmt":"2021-11-13T14:57:24","slug":"zupne-obavijesti-33-nedjelja-kroz-godinu-3","status":"publish","type":"post","link":"https:\/\/svetaobitelj.hr\/?p=2010","title":{"rendered":"\u017dupne obavijesti: 33. nedjelja kroz godinu"},"content":{"rendered":"\n<p>Slavimo tridesetu i tre\u0107u nedjelju kroz godinu. Redoviti mjese\u010dni susret \u010dlanova Mjesnoga bratstva OFS-a je u 16:30 sati. <\/p>\n\n\n\n<p>\u017dupnih kateheza nema za polaznike koji imaju online nastavu.<\/p>\n\n\n\n<p>Sutra je biblijski sat nakon ve\u010dernje svete mise.<\/p>\n\n\n\n<p>U srijedu je susret molitvene zajednice nakon ve\u010dernje svete mise.<\/p>\n\n\n\n<p>U \u010detvrtak je sje\u0107anje na na\u0161 Grad heroj \u2013 Vukovar. U na\u0161oj je Nadbiskupiji zavjetno hodo\u010da\u0161\u0107e u Vukovar. Ne\u0107emo imati jutarnju svetu misu, a pod ve\u010dernjom svetom misom molimo za poginule i nestale u obrani Vukovara. Klanjanje pred Presvetim je nakon ve\u010dernje svete mise.<\/p>\n\n\n\n<p>U subotu \u0107emo pod ve\u010dernjom svetom misom moliti za poginule hrvatske branitelje iz na\u0161e \u017dupe.<\/p>\n\n\n\n<p>Sljede\u0107e nedjelje slavimo Nedjelju Krista Kralja ili tridesetu i \u010detvrtu nedjelju kroz godinu.<\/p>\n\n\n\n<p>Zahvalni za va\u0161u dosada\u0161nju pomo\u0107 kojom poma\u017eete obnovu na\u0161ih crkava i samostana nastradalih u pro\u0161logodi\u0161njim potresima, preporu\u010damo se i nadalje va\u0161oj dobroti. Svoj nov\u010dani prilog mo\u017eete dati u posebno ozna\u010denu \u0161krabicu pri izlazu iz crkve ili u \u017eupni ured ili direktno uplatiti na ra\u010dun koji se nalazi na plakatu ili letku.<\/p>\n\n\n\n<p>U na\u0161oj \u017eupnoj crkvi obveza je dezinfekcija ruku na ulazu, no\u0161enje maski i potrebna udaljenost. Redari nam poma\u017eu u po\u0161tivanju tih mjera.<\/p>\n\n\n\n<p>Molimo sve vas koji jo\u0161 nemate \u017eupnu obiteljsku knji\u017eicu ili je potrebno upisati promjene u postoje\u0107e, da se javite u \u017eupni ured u uredovno vrijeme.<\/p>\n\n\n\n<p>Kupujte i \u010ditajte katoli\u010dki vjerski tisak. U \u017eupnom uredu i sakristiji mo\u017eete kupiti kalendare za sljede\u0107u godinu.<\/p>\n","protected":false},"excerpt":{"rendered":"<p>Slavimo tridesetu i tre\u0107u nedjelju kroz godinu. Redoviti mjese\u010dni susret \u010dlanova Mjesnoga bratstva OFS-a je u 16:30 sati. \u017dupnih kateheza nema za polaznike koji imaju online nastavu. Sutra je biblijski sat nakon ve\u010dernje svete mise. U srijedu je susret molitvene zajednice nakon ve\u010dernje svete mise. U \u010detvrtak je sje\u0107anje na na\u0161 Grad heroj \u2013 Vukovar. <a href=\"https:\/\/svetaobitelj.hr\/?p=2010\" class=\"more-link\">[&hellip;]<\/a><\/p>\n","protected":false},"author":2,"featured_media":0,"comment_status":"closed","ping_status":"open","sticky":false,"template":"","format":"standard","meta":{"footnotes":""},"categories":[3],"tags":[],"class_list":["entry","author-","post-2010","post","type-post","status-publish","format-standard","category-zupa"],"_links":{"self":[{"href":"https:\/\/svetaobitelj.hr\/index.php?rest_route=\/wp\/v2\/posts\/2010","targetHints":{"allow":["GET"]}}],"collection":[{"href":"https:\/\/svetaobitelj.hr\/index.php?rest_route=\/wp\/v2\/posts"}],"about":[{"href":"https:\/\/svetaobitelj.hr\/index.php?rest_route=\/wp\/v2\/types\/post"}],"author":[{"embeddable":true,"href":"https:\/\/svetaobitelj.hr\/index.php?rest_route=\/wp\/v2\/users\/2"}],"replies":[{"embeddable":true,"href":"https:\/\/svetaobitelj.hr\/index.php?rest_route=%2Fwp%2Fv2%2Fcomments&post=2010"}],"version-history":[{"count":1,"href":"https:\/\/svetaobitelj.hr\/index.php?rest_route=\/wp\/v2\/posts\/2010\/revisions"}],"predecessor-version":[{"id":2011,"href":"https:\/\/svetaobitelj.hr\/index.php?rest_route=\/wp\/v2\/posts\/2010\/revisions\/2011"}],"wp:attachment":[{"href":"https:\/\/svetaobitelj.hr\/index.php?rest_route=%2Fwp%2Fv2%2Fmedia&parent=2010"}],"wp:term":[{"taxonomy":"category","embeddable":true,"href":"https:\/\/svetaobitelj.hr\/index.php?rest_route=%2Fwp%2Fv2%2Fcategories&post=2010"},{"taxonomy":"post_tag","embeddable":true,"href":"https:\/\/svetaobitelj.hr\/index.php?rest_route=%2Fwp%2Fv2%2Ftags&post=2010"}],"curies":[{"name":"wp","href":"https:\/\/api.w.org\/{rel}","templated":true}]}}