{"id":2008,"date":"2021-11-06T17:22:37","date_gmt":"2021-11-06T16:22:37","guid":{"rendered":"https:\/\/svetaobitelj.hr\/?p=2008"},"modified":"2021-11-06T17:22:38","modified_gmt":"2021-11-06T16:22:38","slug":"zupne-obavijesti-32-nedjelja-kroz-godinu-4","status":"publish","type":"post","link":"https:\/\/svetaobitelj.hr\/?p=2008","title":{"rendered":"\u017dupne obavijesti: 32. nedjelja kroz godinu"},"content":{"rendered":"\n<p>Slavimo tridesetu i drugu nedjelju kroz godinu. Prva je nedjelja u mjesecu kada se svojim molitvama i nov\u010danim prilozima sje\u0107amo na\u0161ih odgojnih ustanova \u2013 sjemeni\u0161ta te molimo za duhovna zvanja. Svoj nov\u010dani prilog za<br>sjemeni\u0161ta mo\u017eete dati na izlazu iz crkve.<\/p>\n\n\n\n<p>Sutra ne\u0107e biti biblijskog sata.<\/p>\n\n\n\n<p>U utorak je pobo\u017enost na \u010dast bl. Marije Petkovi\u0107 u 18:15 sati. \u010clanovi Vojske Bezgrje\u0161ne imaju svoj susret nakon ve\u010dernje svete mise.<\/p>\n\n\n\n<p>U srijedu je susret molitvene zajednice nakon ve\u010dernje svete mise.<\/p>\n\n\n\n<p>U \u010detvrtak je klanjanje pred Presvetim nakon ve\u010dernje svete mise.<\/p>\n\n\n\n<p>Sljede\u0107e nedjelje slavimo tridesetu i tre\u0107u nedjelju kroz godinu. U \u017eupama na\u0161e \u0110akova\u010dko-osje\u010dke nadbiskupije obilje\u017eit \u0107e se Nedjelja bra\u010dnih jubileja. Redoviti mjese\u010dni susret \u010dlanova Mjesnoga bratstva OFS-a bit \u0107e u 16:30 sati.<\/p>\n\n\n\n<p>Zahvalni za va\u0161u dosada\u0161nju pomo\u0107 kojom poma\u017eete obnovu na\u0161ih crkava i samostana nastradalih u pro\u0161logodi\u0161njim potresima, preporu\u010damo se i nadalje va\u0161oj dobroti. Svoj nov\u010dani prilog mo\u017eete dati u posebno ozna\u010denu \u0161krabicu pri izlazu iz crkve ili u \u017eupni ured ili direktno uplatiti na ra\u010dun koji se nalazi na plakatu ili letku.<\/p>\n\n\n\n<p>U na\u0161oj \u017eupnoj crkvi obveza je dezinfekcija ruku na ulazu, no\u0161enje maski i potrebna udaljenost. Redari nam poma\u017eu u po\u0161tivanju tih mjera.<\/p>\n\n\n\n<p>Molimo sve vas koji jo\u0161 nemate \u017eupnu obiteljsku knji\u017eicu ili je potrebno upisati promjene u postoje\u0107e, da se javite u \u017eupni ured u uredovno vrijeme.<\/p>\n\n\n\n<p>Kupujte i \u010ditajte katoli\u010dki vjerski tisak. U \u017eupnom uredu i sakristiji mo\u017eete kupiti kalendare za sljede\u0107u godinu.<\/p>\n","protected":false},"excerpt":{"rendered":"<p>Slavimo tridesetu i drugu nedjelju kroz godinu. Prva je nedjelja u mjesecu kada se svojim molitvama i nov\u010danim prilozima sje\u0107amo na\u0161ih odgojnih ustanova \u2013 sjemeni\u0161ta te molimo za duhovna zvanja. Svoj nov\u010dani prilog zasjemeni\u0161ta mo\u017eete dati na izlazu iz crkve. Sutra ne\u0107e biti biblijskog sata. U utorak je pobo\u017enost na \u010dast bl. Marije Petkovi\u0107 u <a href=\"https:\/\/svetaobitelj.hr\/?p=2008\" class=\"more-link\">[&hellip;]<\/a><\/p>\n","protected":false},"author":2,"featured_media":0,"comment_status":"closed","ping_status":"open","sticky":false,"template":"","format":"standard","meta":{"footnotes":""},"categories":[3],"tags":[],"class_list":["entry","author-","post-2008","post","type-post","status-publish","format-standard","category-zupa"],"_links":{"self":[{"href":"https:\/\/svetaobitelj.hr\/index.php?rest_route=\/wp\/v2\/posts\/2008","targetHints":{"allow":["GET"]}}],"collection":[{"href":"https:\/\/svetaobitelj.hr\/index.php?rest_route=\/wp\/v2\/posts"}],"about":[{"href":"https:\/\/svetaobitelj.hr\/index.php?rest_route=\/wp\/v2\/types\/post"}],"author":[{"embeddable":true,"href":"https:\/\/svetaobitelj.hr\/index.php?rest_route=\/wp\/v2\/users\/2"}],"replies":[{"embeddable":true,"href":"https:\/\/svetaobitelj.hr\/index.php?rest_route=%2Fwp%2Fv2%2Fcomments&post=2008"}],"version-history":[{"count":1,"href":"https:\/\/svetaobitelj.hr\/index.php?rest_route=\/wp\/v2\/posts\/2008\/revisions"}],"predecessor-version":[{"id":2009,"href":"https:\/\/svetaobitelj.hr\/index.php?rest_route=\/wp\/v2\/posts\/2008\/revisions\/2009"}],"wp:attachment":[{"href":"https:\/\/svetaobitelj.hr\/index.php?rest_route=%2Fwp%2Fv2%2Fmedia&parent=2008"}],"wp:term":[{"taxonomy":"category","embeddable":true,"href":"https:\/\/svetaobitelj.hr\/index.php?rest_route=%2Fwp%2Fv2%2Fcategories&post=2008"},{"taxonomy":"post_tag","embeddable":true,"href":"https:\/\/svetaobitelj.hr\/index.php?rest_route=%2Fwp%2Fv2%2Ftags&post=2008"}],"curies":[{"name":"wp","href":"https:\/\/api.w.org\/{rel}","templated":true}]}}