{"id":1903,"date":"2021-08-12T07:15:31","date_gmt":"2021-08-12T06:15:31","guid":{"rendered":"http:\/\/svetaobitelj.hr\/?p=1903"},"modified":"2021-08-14T12:05:28","modified_gmt":"2021-08-14T11:05:28","slug":"novi-zupnik","status":"publish","type":"post","link":"https:\/\/svetaobitelj.hr\/?p=1903","title":{"rendered":"Novi \u017eupnik?!"},"content":{"rendered":"\n<figure class=\"wp-block-image size-large\"><img loading=\"lazy\" decoding=\"async\" width=\"1024\" height=\"768\" src=\"http:\/\/svetaobitelj.hr\/wp-content\/uploads\/2021\/08\/slika1-1024x768.jpg\" alt=\"\" class=\"wp-image-1904\" srcset=\"https:\/\/svetaobitelj.hr\/wp-content\/uploads\/2021\/08\/slika1-1024x768.jpg 1024w, https:\/\/svetaobitelj.hr\/wp-content\/uploads\/2021\/08\/slika1-300x225.jpg 300w, https:\/\/svetaobitelj.hr\/wp-content\/uploads\/2021\/08\/slika1-768x576.jpg 768w, https:\/\/svetaobitelj.hr\/wp-content\/uploads\/2021\/08\/slika1-1536x1152.jpg 1536w, https:\/\/svetaobitelj.hr\/wp-content\/uploads\/2021\/08\/slika1-2048x1536.jpg 2048w\" sizes=\"auto, (max-width: 1024px) 100vw, 1024px\" \/><\/figure>\n\n\n\n<p>Usprkos velikim vru\u0107inama ure\u0111ivali smo okoli\u0161 na\u0161e \u017eupne crkve&#8230; Sva\u0161ta se radilo od ko\u0161enja preko \u0161i\u0161anja \u010dempresa, \u017eivice, \u010di\u0161\u0107enja, i kada smo ve\u0107 bili na izmaku snaga sam Duh Sveti poslao nam je na\u0161ega fra Ivana Mati\u0107a, predivnu du\u0161u da nas ohrabri i blagoslovi. Bogu smo zahvalni \u0161to nas je posjetio, a vi\u0161e od svega na na\u0161oj bra\u0107i franjevcima i na\u0161em \u017eupniku.. Tko zna mo\u017eda ba\u0161 fra Ivana \u010deka ta slu\u017eba u na\u0161oj \u017eupi?!<\/p>\n\n\n\n<p>ps: ru\u017ee i dalje cvatu, zemlja ne pla\u010de&#8230;<\/p>\n","protected":false},"excerpt":{"rendered":"<p>Usprkos velikim vru\u0107inama ure\u0111ivali smo okoli\u0161 na\u0161e \u017eupne crkve&#8230; Sva\u0161ta se radilo od ko\u0161enja preko \u0161i\u0161anja \u010dempresa, \u017eivice, \u010di\u0161\u0107enja, i kada smo ve\u0107 bili na izmaku snaga sam Duh Sveti poslao nam je na\u0161ega fra Ivana Mati\u0107a, predivnu du\u0161u da nas ohrabri i blagoslovi. Bogu smo zahvalni \u0161to nas je posjetio, a vi\u0161e od svega <a href=\"https:\/\/svetaobitelj.hr\/?p=1903\" class=\"more-link\">[&hellip;]<\/a><\/p>\n","protected":false},"author":2,"featured_media":0,"comment_status":"closed","ping_status":"open","sticky":false,"template":"","format":"standard","meta":{"footnotes":""},"categories":[3],"tags":[],"class_list":["entry","author-","post-1903","post","type-post","status-publish","format-standard","category-zupa"],"_links":{"self":[{"href":"https:\/\/svetaobitelj.hr\/index.php?rest_route=\/wp\/v2\/posts\/1903","targetHints":{"allow":["GET"]}}],"collection":[{"href":"https:\/\/svetaobitelj.hr\/index.php?rest_route=\/wp\/v2\/posts"}],"about":[{"href":"https:\/\/svetaobitelj.hr\/index.php?rest_route=\/wp\/v2\/types\/post"}],"author":[{"embeddable":true,"href":"https:\/\/svetaobitelj.hr\/index.php?rest_route=\/wp\/v2\/users\/2"}],"replies":[{"embeddable":true,"href":"https:\/\/svetaobitelj.hr\/index.php?rest_route=%2Fwp%2Fv2%2Fcomments&post=1903"}],"version-history":[{"count":3,"href":"https:\/\/svetaobitelj.hr\/index.php?rest_route=\/wp\/v2\/posts\/1903\/revisions"}],"predecessor-version":[{"id":1908,"href":"https:\/\/svetaobitelj.hr\/index.php?rest_route=\/wp\/v2\/posts\/1903\/revisions\/1908"}],"wp:attachment":[{"href":"https:\/\/svetaobitelj.hr\/index.php?rest_route=%2Fwp%2Fv2%2Fmedia&parent=1903"}],"wp:term":[{"taxonomy":"category","embeddable":true,"href":"https:\/\/svetaobitelj.hr\/index.php?rest_route=%2Fwp%2Fv2%2Fcategories&post=1903"},{"taxonomy":"post_tag","embeddable":true,"href":"https:\/\/svetaobitelj.hr\/index.php?rest_route=%2Fwp%2Fv2%2Ftags&post=1903"}],"curies":[{"name":"wp","href":"https:\/\/api.w.org\/{rel}","templated":true}]}}