{"id":1815,"date":"2021-05-03T19:14:44","date_gmt":"2021-05-03T18:14:44","guid":{"rendered":"http:\/\/svetaobitelj.hr\/?p=1815"},"modified":"2021-05-03T19:14:44","modified_gmt":"2021-05-03T18:14:44","slug":"prva-pricest-u-nasoj-zupi","status":"publish","type":"post","link":"https:\/\/svetaobitelj.hr\/?p=1815","title":{"rendered":"Prva pri\u010dest u na\u0161oj \u017eupi"},"content":{"rendered":"\n<figure class=\"wp-block-image size-large\"><img loading=\"lazy\" decoding=\"async\" width=\"1024\" height=\"1024\" src=\"http:\/\/svetaobitelj.hr\/wp-content\/uploads\/2021\/05\/s2-1024x1024.jpg\" alt=\"\" class=\"wp-image-1816\" srcset=\"https:\/\/svetaobitelj.hr\/wp-content\/uploads\/2021\/05\/s2-1024x1024.jpg 1024w, https:\/\/svetaobitelj.hr\/wp-content\/uploads\/2021\/05\/s2-300x300.jpg 300w, https:\/\/svetaobitelj.hr\/wp-content\/uploads\/2021\/05\/s2-150x150.jpg 150w, https:\/\/svetaobitelj.hr\/wp-content\/uploads\/2021\/05\/s2-768x768.jpg 768w, https:\/\/svetaobitelj.hr\/wp-content\/uploads\/2021\/05\/s2-1536x1536.jpg 1536w, https:\/\/svetaobitelj.hr\/wp-content\/uploads\/2021\/05\/s2.jpg 1920w\" sizes=\"auto, (max-width: 1024px) 100vw, 1024px\" \/><\/figure>\n\n\n\n<p>U subotu, 1. svibnja u na\u0161oj \u017eupi prvu pri\u010dest primilo je 5 razrednih odjeljenja, \u0161to ukupno \u010dini 85 djece. Slavlje prve pri\u010desti odr\u017eano je kroz nekoliko misa, kako bi sve bilo u skladu s epidemiolo\u0161kim mjerama koje su i dalje na snazi. Reakcije roditelja na ovakvu organizaciju slavlja prve pri\u010desti su vi\u0161e nego pozitivne, jer i nama se \u010dini da je sve proteklo u puno sve\u010danijem, obiteljskom intimnijem tonu nego proteklih godina. Nakon slavlja svete potvrde i ovih prvopri\u010desni\u010dkih slavlja prepoznajemo duhovno bogatstvo na\u0161e \u017eupe, te se nadamo da ono ne\u0107e nestati. <\/p>\n\n\n\n<figure class=\"wp-block-image size-large\"><img loading=\"lazy\" decoding=\"async\" width=\"1024\" height=\"1024\" src=\"http:\/\/svetaobitelj.hr\/wp-content\/uploads\/2021\/05\/s1-1024x1024.jpg\" alt=\"\" class=\"wp-image-1817\" srcset=\"https:\/\/svetaobitelj.hr\/wp-content\/uploads\/2021\/05\/s1-1024x1024.jpg 1024w, https:\/\/svetaobitelj.hr\/wp-content\/uploads\/2021\/05\/s1-300x300.jpg 300w, https:\/\/svetaobitelj.hr\/wp-content\/uploads\/2021\/05\/s1-150x150.jpg 150w, https:\/\/svetaobitelj.hr\/wp-content\/uploads\/2021\/05\/s1-768x768.jpg 768w, https:\/\/svetaobitelj.hr\/wp-content\/uploads\/2021\/05\/s1-1536x1536.jpg 1536w, https:\/\/svetaobitelj.hr\/wp-content\/uploads\/2021\/05\/s1.jpg 1920w\" sizes=\"auto, (max-width: 1024px) 100vw, 1024px\" \/><\/figure>\n","protected":false},"excerpt":{"rendered":"<p>U subotu, 1. svibnja u na\u0161oj \u017eupi prvu pri\u010dest primilo je 5 razrednih odjeljenja, \u0161to ukupno \u010dini 85 djece. Slavlje prve pri\u010desti odr\u017eano je kroz nekoliko misa, kako bi sve bilo u skladu s epidemiolo\u0161kim mjerama koje su i dalje na snazi. Reakcije roditelja na ovakvu organizaciju slavlja prve pri\u010desti su vi\u0161e nego pozitivne, jer <a href=\"https:\/\/svetaobitelj.hr\/?p=1815\" class=\"more-link\">[&hellip;]<\/a><\/p>\n","protected":false},"author":2,"featured_media":0,"comment_status":"closed","ping_status":"open","sticky":false,"template":"","format":"standard","meta":{"footnotes":""},"categories":[3],"tags":[],"class_list":["entry","author-","post-1815","post","type-post","status-publish","format-standard","category-zupa"],"_links":{"self":[{"href":"https:\/\/svetaobitelj.hr\/index.php?rest_route=\/wp\/v2\/posts\/1815","targetHints":{"allow":["GET"]}}],"collection":[{"href":"https:\/\/svetaobitelj.hr\/index.php?rest_route=\/wp\/v2\/posts"}],"about":[{"href":"https:\/\/svetaobitelj.hr\/index.php?rest_route=\/wp\/v2\/types\/post"}],"author":[{"embeddable":true,"href":"https:\/\/svetaobitelj.hr\/index.php?rest_route=\/wp\/v2\/users\/2"}],"replies":[{"embeddable":true,"href":"https:\/\/svetaobitelj.hr\/index.php?rest_route=%2Fwp%2Fv2%2Fcomments&post=1815"}],"version-history":[{"count":1,"href":"https:\/\/svetaobitelj.hr\/index.php?rest_route=\/wp\/v2\/posts\/1815\/revisions"}],"predecessor-version":[{"id":1818,"href":"https:\/\/svetaobitelj.hr\/index.php?rest_route=\/wp\/v2\/posts\/1815\/revisions\/1818"}],"wp:attachment":[{"href":"https:\/\/svetaobitelj.hr\/index.php?rest_route=%2Fwp%2Fv2%2Fmedia&parent=1815"}],"wp:term":[{"taxonomy":"category","embeddable":true,"href":"https:\/\/svetaobitelj.hr\/index.php?rest_route=%2Fwp%2Fv2%2Fcategories&post=1815"},{"taxonomy":"post_tag","embeddable":true,"href":"https:\/\/svetaobitelj.hr\/index.php?rest_route=%2Fwp%2Fv2%2Ftags&post=1815"}],"curies":[{"name":"wp","href":"https:\/\/api.w.org\/{rel}","templated":true}]}}