{"id":1721,"date":"2021-02-11T20:02:46","date_gmt":"2021-02-11T19:02:46","guid":{"rendered":"http:\/\/svetaobitelj.hr\/?p=1721"},"modified":"2021-02-11T20:02:47","modified_gmt":"2021-02-11T19:02:47","slug":"trajni-zavjeti-ofs-a","status":"publish","type":"post","link":"https:\/\/svetaobitelj.hr\/?p=1721","title":{"rendered":"Trajni zavjeti OFS-a"},"content":{"rendered":"\n<figure class=\"wp-block-image size-large\"><img loading=\"lazy\" decoding=\"async\" width=\"1024\" height=\"1024\" src=\"http:\/\/svetaobitelj.hr\/wp-content\/uploads\/2021\/02\/slika15-1024x1024.jpg\" alt=\"\" class=\"wp-image-1722\" srcset=\"https:\/\/svetaobitelj.hr\/wp-content\/uploads\/2021\/02\/slika15-1024x1024.jpg 1024w, https:\/\/svetaobitelj.hr\/wp-content\/uploads\/2021\/02\/slika15-300x300.jpg 300w, https:\/\/svetaobitelj.hr\/wp-content\/uploads\/2021\/02\/slika15-150x150.jpg 150w, https:\/\/svetaobitelj.hr\/wp-content\/uploads\/2021\/02\/slika15-768x768.jpg 768w, https:\/\/svetaobitelj.hr\/wp-content\/uploads\/2021\/02\/slika15-1536x1536.jpg 1536w, https:\/\/svetaobitelj.hr\/wp-content\/uploads\/2021\/02\/slika15.jpg 1920w\" sizes=\"auto, (max-width: 1024px) 100vw, 1024px\" \/><\/figure>\n\n\n\n<p>U srijedu, 10. velja\u010de 2021. godine, na spomendan bla\u017eenog Alojzija Stepinca, kardinala i mu\u010denika u \u017dupi Svete Obitelji na osje\u010dkom jugu 2, za vrijeme euharistijskog slavlja kojeg je predvodio fra Dragutin Bedeni\u010di\u0107, \u017eupnik i duhovni asistent OFS-a,\u00a0 trajne zavjete u Franjeva\u010dkom svjetovnom redu dale su sestre Melita, Tatjana i Mirta. U prigodnoj homiliji, fra Dragutin se osvrnuo na lik i ulogu Alojzija Stepinca koji je trajno obilje\u017eio Hrvatsku povijest. Budu\u0107i da je i sam bla\u017eenik bio tre\u0107oredac, ukazao je na odgovornost pripadanja Franjeva\u010dkom svjetovnom redu. Iako je euharistijsko slavlje odr\u017eano pod posebnim uvjetima zbog pandemije, uz po\u0161tivanje epidemiolo\u0161kih mjera, a po uputama na\u0161eg nadbiskupa \u0110ure Hrani\u0107a, ni to nije umanjilo sve\u010dani ton. Misnom slavlju nazo\u010dili su tre\u0107oredci mjesnog bratstva \u017dupe Svete Obitelji, koji su svojom molitvom i prisutno\u0161\u0107u ohrabrili novozavjetovane sestre na njihovom budu\u0107em putu. Ovom slavlju prethodila je vi\u0161egodi\u0161nja priprava koja je zapo\u010dela vremenom odu\u0161evljenja kroz koje vrijeme se potencijalni kandidati za Franjeva\u010dki svjetovni red upoznaju s temeljnim na\u010delima reda. Po proteku vremena odu\u0161evljenja, kandidati tra\u017ee prijem u Franjeva\u010dki svjetovni red, te pristupaju u novicijat. Kroz novicijat se kandidati pobli\u017ee upoznaju s ulogom sv. Franje Asi\u0161koga, te preispituju svoju odluku o prijemu u red. Nakon vremena provedenog u novicijatu kandidati pristupaju privremenim zavjetima. Trajni zavjeti rezultat su kona\u010dne odluke i spremnosti kandidata za prijem u red. Tim \u010dinom franjeva\u010dka zajednica postala je bogatija za sestre koje su osjetile poziv i odlu\u010dile slijediti stope serafskog oca svetog Franje koji im je primjer. Neka nam poruka sv. Franje bude uvijek na umu: Daj mi Gospodine da shvatim bli\u017enjega makar on mene ne shvatio.<\/p>\n\n\n\n<figure class=\"wp-block-image size-large\"><img loading=\"lazy\" decoding=\"async\" width=\"1024\" height=\"1024\" src=\"http:\/\/svetaobitelj.hr\/wp-content\/uploads\/2021\/02\/slika14-1024x1024.jpg\" alt=\"\" class=\"wp-image-1724\" srcset=\"https:\/\/svetaobitelj.hr\/wp-content\/uploads\/2021\/02\/slika14-1024x1024.jpg 1024w, https:\/\/svetaobitelj.hr\/wp-content\/uploads\/2021\/02\/slika14-300x300.jpg 300w, https:\/\/svetaobitelj.hr\/wp-content\/uploads\/2021\/02\/slika14-150x150.jpg 150w, https:\/\/svetaobitelj.hr\/wp-content\/uploads\/2021\/02\/slika14-768x768.jpg 768w, https:\/\/svetaobitelj.hr\/wp-content\/uploads\/2021\/02\/slika14-1536x1536.jpg 1536w, https:\/\/svetaobitelj.hr\/wp-content\/uploads\/2021\/02\/slika14.jpg 1920w\" sizes=\"auto, (max-width: 1024px) 100vw, 1024px\" \/><\/figure>\n","protected":false},"excerpt":{"rendered":"<p>U srijedu, 10. velja\u010de 2021. godine, na spomendan bla\u017eenog Alojzija Stepinca, kardinala i mu\u010denika u \u017dupi Svete Obitelji na osje\u010dkom jugu 2, za vrijeme euharistijskog slavlja kojeg je predvodio fra Dragutin Bedeni\u010di\u0107, \u017eupnik i duhovni asistent OFS-a,\u00a0 trajne zavjete u Franjeva\u010dkom svjetovnom redu dale su sestre Melita, Tatjana i Mirta. U prigodnoj homiliji, fra Dragutin <a href=\"https:\/\/svetaobitelj.hr\/?p=1721\" class=\"more-link\">[&hellip;]<\/a><\/p>\n","protected":false},"author":2,"featured_media":0,"comment_status":"closed","ping_status":"open","sticky":false,"template":"","format":"standard","meta":{"footnotes":""},"categories":[3],"tags":[],"class_list":["entry","author-","post-1721","post","type-post","status-publish","format-standard","category-zupa"],"_links":{"self":[{"href":"https:\/\/svetaobitelj.hr\/index.php?rest_route=\/wp\/v2\/posts\/1721","targetHints":{"allow":["GET"]}}],"collection":[{"href":"https:\/\/svetaobitelj.hr\/index.php?rest_route=\/wp\/v2\/posts"}],"about":[{"href":"https:\/\/svetaobitelj.hr\/index.php?rest_route=\/wp\/v2\/types\/post"}],"author":[{"embeddable":true,"href":"https:\/\/svetaobitelj.hr\/index.php?rest_route=\/wp\/v2\/users\/2"}],"replies":[{"embeddable":true,"href":"https:\/\/svetaobitelj.hr\/index.php?rest_route=%2Fwp%2Fv2%2Fcomments&post=1721"}],"version-history":[{"count":1,"href":"https:\/\/svetaobitelj.hr\/index.php?rest_route=\/wp\/v2\/posts\/1721\/revisions"}],"predecessor-version":[{"id":1725,"href":"https:\/\/svetaobitelj.hr\/index.php?rest_route=\/wp\/v2\/posts\/1721\/revisions\/1725"}],"wp:attachment":[{"href":"https:\/\/svetaobitelj.hr\/index.php?rest_route=%2Fwp%2Fv2%2Fmedia&parent=1721"}],"wp:term":[{"taxonomy":"category","embeddable":true,"href":"https:\/\/svetaobitelj.hr\/index.php?rest_route=%2Fwp%2Fv2%2Fcategories&post=1721"},{"taxonomy":"post_tag","embeddable":true,"href":"https:\/\/svetaobitelj.hr\/index.php?rest_route=%2Fwp%2Fv2%2Ftags&post=1721"}],"curies":[{"name":"wp","href":"https:\/\/api.w.org\/{rel}","templated":true}]}}