{"id":1718,"date":"2021-02-06T08:44:04","date_gmt":"2021-02-06T07:44:04","guid":{"rendered":"http:\/\/svetaobitelj.hr\/?p=1718"},"modified":"2021-02-06T08:44:04","modified_gmt":"2021-02-06T07:44:04","slug":"zupne-obavijesti-5-nedjelja-kroz-godinu-3","status":"publish","type":"post","link":"https:\/\/svetaobitelj.hr\/?p=1718","title":{"rendered":"\u017dupne obavijesti: 5. nedjelja kroz godinu"},"content":{"rendered":"\n<p><\/p>\n\n\n\n<ul class=\"wp-block-list\"><li> Slavimo petu nedjelju kroz godinu. Prva je nedjelja u mjesecu kada se  svojim molitvama i nov\u010danim prilozima sje\u0107amo na\u0161ih odgojnih ustanova te molimo za duhovna zvanja. Svoj nov\u010dani dar za sjemeni\u0161ta mo\u017eete dati na izlazu iz crkve. <\/li><li>U srijedu slavimo spomendan bl. Alojzija Stepinca, kardinala i mu\u010denika. Redovite svete mise bit \u0107e u 7:30 i 18:30 sati, a bra\u0107a i sestre na\u0161ega Mjesnoga bratstva OFS-a imat \u0107e svetu misu u 17:00 sati pod kojom \u0107e biti slavlje sve\u010danih zavjeta. Taj dan \u0107e biti na Prvom programu Hrvatske televizije u 20:10 sati dokumentarni film, Stepinac \u2013 Kardinal i njegova savjest, scenaristice i redateljice Vi\u0161nje Stare\u0161ine. Film je nastao u koprodukciji Interfilma i Hrvatskog katoli\u010dkog sveu\u010dili\u0161ta.<\/li><li>U \u010detvrtak slavimo Gospu Lurdsku. Zbog pandemije ne\u0107e biti susreta  bolesnika u na\u0161oj \u017eupnoj crkvi, a svete mise bit \u0107e u 7:30, 17:30 i 18:30 sati.<\/li><li>Sljede\u0107e nedjelje slavimo \u0161estu nedjelju kroz godinu. Ne\u0107e biti  redovitog mjese\u010dnog susreta Mjesnoga bratstva OFS-a.<\/li><li>Akciju pomo\u0107i nastradalima od potresa u Sisa\u010dkoj biskupiji nastavljamo i dalje tako da svoje nov\u010dane priloge kao i higijenske potrep\u0161tine mo\u017eete donijeti u \u017eupni ured.<\/li><li>Molimo sve vas koji jo\u0161 nemate \u017eupnu obiteljsku knji\u017eicu ili je potrebno upisati promjene u postoje\u0107e, da se javite u \u017eupni ured.<\/li><li>Blagoslov obitelji u na\u0161oj \u017eupi imamo subotama u velja\u010di ove godine od 9:00 sati, s time da je potrebno prijaviti svoju obitelj za blagoslov u \u017eupnom uredu u uredovno vrijeme. Jasno da je potrebno pridr\u017eavati se mjera kako nam nala\u017ee Sto\u017eer civilne za\u0161tite. Ne\u0107emo i\u0107i prema ustaljenom rasporedu ve\u0107 \u0107e obitelj znati pri samoj prijavi kada \u0107e biti blagoslov.<\/li><li>Kupujte i \u010ditajte katoli\u010dki vjerski tisak.<\/li><\/ul>\n","protected":false},"excerpt":{"rendered":"<p>Slavimo petu nedjelju kroz godinu. Prva je nedjelja u mjesecu kada se svojim molitvama i nov\u010danim prilozima sje\u0107amo na\u0161ih odgojnih ustanova te molimo za duhovna zvanja. Svoj nov\u010dani dar za sjemeni\u0161ta mo\u017eete dati na izlazu iz crkve. U srijedu slavimo spomendan bl. Alojzija Stepinca, kardinala i mu\u010denika. Redovite svete mise bit \u0107e u 7:30 i <a href=\"https:\/\/svetaobitelj.hr\/?p=1718\" class=\"more-link\">[&hellip;]<\/a><\/p>\n","protected":false},"author":2,"featured_media":0,"comment_status":"closed","ping_status":"open","sticky":false,"template":"","format":"standard","meta":{"footnotes":""},"categories":[3],"tags":[],"class_list":["entry","author-","post-1718","post","type-post","status-publish","format-standard","category-zupa"],"_links":{"self":[{"href":"https:\/\/svetaobitelj.hr\/index.php?rest_route=\/wp\/v2\/posts\/1718","targetHints":{"allow":["GET"]}}],"collection":[{"href":"https:\/\/svetaobitelj.hr\/index.php?rest_route=\/wp\/v2\/posts"}],"about":[{"href":"https:\/\/svetaobitelj.hr\/index.php?rest_route=\/wp\/v2\/types\/post"}],"author":[{"embeddable":true,"href":"https:\/\/svetaobitelj.hr\/index.php?rest_route=\/wp\/v2\/users\/2"}],"replies":[{"embeddable":true,"href":"https:\/\/svetaobitelj.hr\/index.php?rest_route=%2Fwp%2Fv2%2Fcomments&post=1718"}],"version-history":[{"count":2,"href":"https:\/\/svetaobitelj.hr\/index.php?rest_route=\/wp\/v2\/posts\/1718\/revisions"}],"predecessor-version":[{"id":1720,"href":"https:\/\/svetaobitelj.hr\/index.php?rest_route=\/wp\/v2\/posts\/1718\/revisions\/1720"}],"wp:attachment":[{"href":"https:\/\/svetaobitelj.hr\/index.php?rest_route=%2Fwp%2Fv2%2Fmedia&parent=1718"}],"wp:term":[{"taxonomy":"category","embeddable":true,"href":"https:\/\/svetaobitelj.hr\/index.php?rest_route=%2Fwp%2Fv2%2Fcategories&post=1718"},{"taxonomy":"post_tag","embeddable":true,"href":"https:\/\/svetaobitelj.hr\/index.php?rest_route=%2Fwp%2Fv2%2Ftags&post=1718"}],"curies":[{"name":"wp","href":"https:\/\/api.w.org\/{rel}","templated":true}]}}