{"id":1711,"date":"2021-01-29T19:52:41","date_gmt":"2021-01-29T18:52:41","guid":{"rendered":"http:\/\/svetaobitelj.hr\/?p=1711"},"modified":"2021-01-29T19:52:42","modified_gmt":"2021-01-29T18:52:42","slug":"zupne-obavijesti-4-nedjelja-kroz-godinu-2","status":"publish","type":"post","link":"https:\/\/svetaobitelj.hr\/?p=1711","title":{"rendered":"\u017dupne obavijesti: 4. nedjelja kroz godinu"},"content":{"rendered":"\n<ul class=\"wp-block-list\"><li>Slavimo \u010detvrtu nedjelju kroz godinu. <\/li><li>Sutra je redovita \u017eupna kateheza za tre\u0107e razrede O\u0160 \u201eTin Ujevi\u0107\u201c, a u  utorak za tre\u0107e razrede O\u0160 \u201eGrigor Vitez\u201c.<\/li><li>U utorak slavimo blagdan Prikazanje Gospodinovo &#8211; Svije\u0107nicu. Svete mise bit \u0107e u 7:30, 17:30 i 18:30 sati.<\/li><li>U srijedu slavimo spomendan sv. Bla\u017ea, za\u0161titnika od bolesti grla. Svete mise bit \u0107e u 7:30, 17:30 i 18:30 sati. Ne\u0107e biti pojedina\u010dnog blagoslova grla ve\u0107 zajedni\u010dki na kraju svetih misa.<\/li><li>U subotu \u0107emo pod ve\u010dernjom svetom misom moliti za duhovna zvanja.<\/li><li>Sljede\u0107e nedjelje slavimo petu nedjelju kroz godinu. Ujedno je prva nedjelja u mjesecu kada se svojim molitvama i nov\u010danim prilozima sje\u0107amo na\u0161ih odgojnih ustanova te molimo za duhovna zvanja. Pod jutarnjom svetom misom u 7:00 sati molimo za dobro\u010dinitelje na\u0161e crkve i samostana.<\/li><li>Akciju pomo\u0107i nastradalima od potresa u Sisa\u010dkoj biskupiji nastavljamo i dalje jer smo svjedoci te\u0161kog stradanja zbog \u010dega je potrebna dugotrajna obnova tako da svoje nov\u010dane priloge kao i higijenske potrep\u0161tine mo\u017eete donijeti u \u017eupni ured.<\/li><li>Molimo sve vas koji jo\u0161 nemate \u017eupnu obiteljsku knji\u017eicu ili je potrebno upisati promjene u postoje\u0107e, da se javite u \u017eupni ured.<\/li><li>Blagoslov obitelji u na\u0161oj \u017eupi imat \u0107emo subotama u velja\u010di ove godine od 9:00 sati, s time da je potrebno prijaviti svoju obitelj za blagoslov u \u017eupnom uredu u uredovno vrijeme. Jasno da je potrebno pridr\u017eavati se mjera kako nam nala\u017ee Sto\u017eer civilne za\u0161tite. Ne\u0107emo i\u0107i prema ustaljenom rasporedu ve\u0107 \u0107e obitelj znati pri samoj prijavi kada \u0107e biti blagoslov.<\/li><li>Kupujte i \u010ditajte katoli\u010dki vjerski tisak.<\/li><\/ul>\n","protected":false},"excerpt":{"rendered":"<p>Slavimo \u010detvrtu nedjelju kroz godinu. Sutra je redovita \u017eupna kateheza za tre\u0107e razrede O\u0160 \u201eTin Ujevi\u0107\u201c, a u utorak za tre\u0107e razrede O\u0160 \u201eGrigor Vitez\u201c. U utorak slavimo blagdan Prikazanje Gospodinovo &#8211; Svije\u0107nicu. Svete mise bit \u0107e u 7:30, 17:30 i 18:30 sati. U srijedu slavimo spomendan sv. Bla\u017ea, za\u0161titnika od bolesti grla. Svete mise <a href=\"https:\/\/svetaobitelj.hr\/?p=1711\" class=\"more-link\">[&hellip;]<\/a><\/p>\n","protected":false},"author":2,"featured_media":0,"comment_status":"closed","ping_status":"open","sticky":false,"template":"","format":"standard","meta":{"footnotes":""},"categories":[3],"tags":[],"class_list":["entry","author-","post-1711","post","type-post","status-publish","format-standard","category-zupa"],"_links":{"self":[{"href":"https:\/\/svetaobitelj.hr\/index.php?rest_route=\/wp\/v2\/posts\/1711","targetHints":{"allow":["GET"]}}],"collection":[{"href":"https:\/\/svetaobitelj.hr\/index.php?rest_route=\/wp\/v2\/posts"}],"about":[{"href":"https:\/\/svetaobitelj.hr\/index.php?rest_route=\/wp\/v2\/types\/post"}],"author":[{"embeddable":true,"href":"https:\/\/svetaobitelj.hr\/index.php?rest_route=\/wp\/v2\/users\/2"}],"replies":[{"embeddable":true,"href":"https:\/\/svetaobitelj.hr\/index.php?rest_route=%2Fwp%2Fv2%2Fcomments&post=1711"}],"version-history":[{"count":3,"href":"https:\/\/svetaobitelj.hr\/index.php?rest_route=\/wp\/v2\/posts\/1711\/revisions"}],"predecessor-version":[{"id":1714,"href":"https:\/\/svetaobitelj.hr\/index.php?rest_route=\/wp\/v2\/posts\/1711\/revisions\/1714"}],"wp:attachment":[{"href":"https:\/\/svetaobitelj.hr\/index.php?rest_route=%2Fwp%2Fv2%2Fmedia&parent=1711"}],"wp:term":[{"taxonomy":"category","embeddable":true,"href":"https:\/\/svetaobitelj.hr\/index.php?rest_route=%2Fwp%2Fv2%2Fcategories&post=1711"},{"taxonomy":"post_tag","embeddable":true,"href":"https:\/\/svetaobitelj.hr\/index.php?rest_route=%2Fwp%2Fv2%2Ftags&post=1711"}],"curies":[{"name":"wp","href":"https:\/\/api.w.org\/{rel}","templated":true}]}}