{"id":1709,"date":"2021-01-23T10:10:27","date_gmt":"2021-01-23T09:10:27","guid":{"rendered":"http:\/\/svetaobitelj.hr\/?p=1709"},"modified":"2021-01-23T10:10:27","modified_gmt":"2021-01-23T09:10:27","slug":"zupne-obavijesti-3-nedjelja-kroz-godinu-3","status":"publish","type":"post","link":"https:\/\/svetaobitelj.hr\/?p=1709","title":{"rendered":"\u017dupne obavijesti: 3. nedjelja kroz godinu"},"content":{"rendered":"\n<ul class=\"wp-block-list\"><li><strong>Slavimo tre\u0107u nedjelju kroz godinu. <\/strong><\/li><\/ul>\n\n\n\n<ul class=\"wp-block-list\"><li><strong>Sutra zavr\u0161ava Molitvena osmina\nza jedinstvo kr\u0161\u0107ana. <\/strong><\/li><\/ul>\n\n\n\n<ul class=\"wp-block-list\"><li><strong>Sljede\u0107e nedjelje slavimo \u010detvrtu\nnedjelju kroz godinu.<\/strong><\/li><\/ul>\n\n\n\n<ul class=\"wp-block-list\"><li><strong>Akciju pomo\u0107i nastradalima od\npotresa u Sisa\u010dkoj biskupiji nastavljamo i dalje jer smo svjedoci te\u0161kog\nstradanja zbog \u010dega je potrebna dugotrajna obnova tako da svoje nov\u010dane priloge\nkao i higijenske potrep\u0161tine mo\u017eete donijeti u \u017eupni ured \u0161to \u0107emo proslijediti\nna Banovinu.<\/strong><\/li><\/ul>\n\n\n\n<ul class=\"wp-block-list\"><li><strong>Molimo sve vas koji jo\u0161 nemate\n\u017eupnu obiteljsku knji\u017eicu ili je potrebno upisati promjene u postoje\u0107e, da se\njavite u \u017eupni ured. <\/strong><\/li><\/ul>\n\n\n\n<ul class=\"wp-block-list\"><li><strong>Kupujte i \u010ditajte katoli\u010dki vjerski\ntisak. <\/strong><\/li><\/ul>\n\n\n\n<ul class=\"wp-block-list\"><li><strong>Blagoslov obitelji u na\u0161oj \u017eupi\nimat \u0107emo subotama u velja\u010di ove godine od 9:00 sati, s time da je potrebno\nprijaviti svoju obitelj za blagoslov u \u017eupnom uredu u uredovno vrijeme. Jasno\nda sve ovisi i o mjerama kako nam nala\u017ee Sto\u017eer civilne za\u0161tite. Ne\u0107emo i\u0107i\nprema ustaljenom rasporedu ve\u0107 \u0107e obitelj znati pri samoj prijavi kada \u0107e biti\nblagoslov. <\/strong><\/li><\/ul>\n","protected":false},"excerpt":{"rendered":"<p>Slavimo tre\u0107u nedjelju kroz godinu. Sutra zavr\u0161ava Molitvena osmina za jedinstvo kr\u0161\u0107ana. Sljede\u0107e nedjelje slavimo \u010detvrtu nedjelju kroz godinu. Akciju pomo\u0107i nastradalima od potresa u Sisa\u010dkoj biskupiji nastavljamo i dalje jer smo svjedoci te\u0161kog stradanja zbog \u010dega je potrebna dugotrajna obnova tako da svoje nov\u010dane priloge kao i higijenske potrep\u0161tine mo\u017eete donijeti u \u017eupni ured <a href=\"https:\/\/svetaobitelj.hr\/?p=1709\" class=\"more-link\">[&hellip;]<\/a><\/p>\n","protected":false},"author":2,"featured_media":0,"comment_status":"closed","ping_status":"open","sticky":false,"template":"","format":"standard","meta":{"footnotes":""},"categories":[3],"tags":[],"class_list":["entry","author-","post-1709","post","type-post","status-publish","format-standard","category-zupa"],"_links":{"self":[{"href":"https:\/\/svetaobitelj.hr\/index.php?rest_route=\/wp\/v2\/posts\/1709","targetHints":{"allow":["GET"]}}],"collection":[{"href":"https:\/\/svetaobitelj.hr\/index.php?rest_route=\/wp\/v2\/posts"}],"about":[{"href":"https:\/\/svetaobitelj.hr\/index.php?rest_route=\/wp\/v2\/types\/post"}],"author":[{"embeddable":true,"href":"https:\/\/svetaobitelj.hr\/index.php?rest_route=\/wp\/v2\/users\/2"}],"replies":[{"embeddable":true,"href":"https:\/\/svetaobitelj.hr\/index.php?rest_route=%2Fwp%2Fv2%2Fcomments&post=1709"}],"version-history":[{"count":1,"href":"https:\/\/svetaobitelj.hr\/index.php?rest_route=\/wp\/v2\/posts\/1709\/revisions"}],"predecessor-version":[{"id":1710,"href":"https:\/\/svetaobitelj.hr\/index.php?rest_route=\/wp\/v2\/posts\/1709\/revisions\/1710"}],"wp:attachment":[{"href":"https:\/\/svetaobitelj.hr\/index.php?rest_route=%2Fwp%2Fv2%2Fmedia&parent=1709"}],"wp:term":[{"taxonomy":"category","embeddable":true,"href":"https:\/\/svetaobitelj.hr\/index.php?rest_route=%2Fwp%2Fv2%2Fcategories&post=1709"},{"taxonomy":"post_tag","embeddable":true,"href":"https:\/\/svetaobitelj.hr\/index.php?rest_route=%2Fwp%2Fv2%2Ftags&post=1709"}],"curies":[{"name":"wp","href":"https:\/\/api.w.org\/{rel}","templated":true}]}}