{"id":1706,"date":"2021-01-16T16:26:33","date_gmt":"2021-01-16T15:26:33","guid":{"rendered":"http:\/\/svetaobitelj.hr\/?p=1706"},"modified":"2021-01-16T16:26:34","modified_gmt":"2021-01-16T15:26:34","slug":"zupne-obavijesti-2-nedjelja-kroz-godinu-3","status":"publish","type":"post","link":"https:\/\/svetaobitelj.hr\/?p=1706","title":{"rendered":"\u017dupne obavijesti: 2. nedjelja kroz godinu"},"content":{"rendered":"\n<ul class=\"wp-block-list\"><li><strong>Slavimo drugu nedjelju kroz godinu. <\/strong><\/li><\/ul>\n\n\n\n<ul class=\"wp-block-list\"><li><strong>Sutra zapo\u010dinje Molitvena osmina\nza jedinstvo kr\u0161\u0107ana. <\/strong><\/li><\/ul>\n\n\n\n<ul class=\"wp-block-list\"><li><strong>Sljede\u0107e nedjelje slavimo tre\u0107u\nnedjelju kroz godinu.<\/strong><\/li><\/ul>\n\n\n\n<ul class=\"wp-block-list\"><li><strong>Zahvalni smo za svakoga koji se\nodazvao i darovao za pomo\u0107 nastradalima od potresa u Sisa\u010dkoj biskupiji. U\nCaritas na\u0161e nadbiskupije je upla\u0107eno 9 400 kn iz na\u0161e \u017eupe \u0161to \u0107e biti\nproslije\u0111eno u Sisa\u010dku biskupiju, a za \u017eupe kojima upravlja fra Dragan Grizelj\nu Petrinji i Hrastovici, a prikupljeno je u na\u0161oj \u017eupi, predano je 26 000 kn.\nHigijenske potrep\u0161tine i ostalo \u0161to je doneseno u na\u0161 \u017eupni ured prevezeno je\nprotekli tjedan u Hrastovicu. Fra Dragan iskreno zahvaljuje u ime svih\nstradalnika njegovih \u017eupa na pomo\u0107i. Akciju pomo\u0107i nastavljamo i dalje jer smo\nsvjedoci te\u0161kog stradanja zbog \u010dega je potrebna dugotrajna obnova tako da svoje\nnov\u010dane priloge kao i higijenske potrep\u0161tine mo\u017eete donijeti u \u017eupni ured.<\/strong><\/li><\/ul>\n\n\n\n<ul class=\"wp-block-list\"><li><strong>Molimo sve vas koji jo\u0161 nemate\n\u017eupnu obiteljsku knji\u017eicu ili je potrebno upisati promjene u postoje\u0107e, da se\njavite u \u017eupni ured. <\/strong><\/li><\/ul>\n\n\n\n<ul class=\"wp-block-list\"><li><strong>Kupujte i \u010ditajte katoli\u010dki vjerski\ntisak. <\/strong><\/li><\/ul>\n\n\n\n<ul class=\"wp-block-list\"><li><strong>Do daljnjega je odgo\u0111en blagoslov\nobitelji u na\u0161oj \u017eupi.<\/strong><\/li><\/ul>\n","protected":false},"excerpt":{"rendered":"<p>Slavimo drugu nedjelju kroz godinu. Sutra zapo\u010dinje Molitvena osmina za jedinstvo kr\u0161\u0107ana. Sljede\u0107e nedjelje slavimo tre\u0107u nedjelju kroz godinu. Zahvalni smo za svakoga koji se odazvao i darovao za pomo\u0107 nastradalima od potresa u Sisa\u010dkoj biskupiji. U Caritas na\u0161e nadbiskupije je upla\u0107eno 9 400 kn iz na\u0161e \u017eupe \u0161to \u0107e biti proslije\u0111eno u Sisa\u010dku biskupiju, <a href=\"https:\/\/svetaobitelj.hr\/?p=1706\" class=\"more-link\">[&hellip;]<\/a><\/p>\n","protected":false},"author":2,"featured_media":0,"comment_status":"closed","ping_status":"open","sticky":false,"template":"","format":"standard","meta":{"footnotes":""},"categories":[3],"tags":[],"class_list":["entry","author-","post-1706","post","type-post","status-publish","format-standard","category-zupa"],"_links":{"self":[{"href":"https:\/\/svetaobitelj.hr\/index.php?rest_route=\/wp\/v2\/posts\/1706","targetHints":{"allow":["GET"]}}],"collection":[{"href":"https:\/\/svetaobitelj.hr\/index.php?rest_route=\/wp\/v2\/posts"}],"about":[{"href":"https:\/\/svetaobitelj.hr\/index.php?rest_route=\/wp\/v2\/types\/post"}],"author":[{"embeddable":true,"href":"https:\/\/svetaobitelj.hr\/index.php?rest_route=\/wp\/v2\/users\/2"}],"replies":[{"embeddable":true,"href":"https:\/\/svetaobitelj.hr\/index.php?rest_route=%2Fwp%2Fv2%2Fcomments&post=1706"}],"version-history":[{"count":1,"href":"https:\/\/svetaobitelj.hr\/index.php?rest_route=\/wp\/v2\/posts\/1706\/revisions"}],"predecessor-version":[{"id":1707,"href":"https:\/\/svetaobitelj.hr\/index.php?rest_route=\/wp\/v2\/posts\/1706\/revisions\/1707"}],"wp:attachment":[{"href":"https:\/\/svetaobitelj.hr\/index.php?rest_route=%2Fwp%2Fv2%2Fmedia&parent=1706"}],"wp:term":[{"taxonomy":"category","embeddable":true,"href":"https:\/\/svetaobitelj.hr\/index.php?rest_route=%2Fwp%2Fv2%2Fcategories&post=1706"},{"taxonomy":"post_tag","embeddable":true,"href":"https:\/\/svetaobitelj.hr\/index.php?rest_route=%2Fwp%2Fv2%2Ftags&post=1706"}],"curies":[{"name":"wp","href":"https:\/\/api.w.org\/{rel}","templated":true}]}}