{"id":1700,"date":"2021-01-15T12:02:33","date_gmt":"2021-01-15T11:02:33","guid":{"rendered":"http:\/\/svetaobitelj.hr\/?p=1700"},"modified":"2021-01-15T12:02:33","modified_gmt":"2021-01-15T11:02:33","slug":"pocetak-pomaganja-nasim-franjevackim-zupama-na-potresom-pogodenim-prostorima","status":"publish","type":"post","link":"https:\/\/svetaobitelj.hr\/?p=1700","title":{"rendered":"Po\u010detak pomaganja na\u0161im franjeva\u010dkim \u017eupama na potresom pogo\u0111enim prostorima"},"content":{"rendered":"\n<figure class=\"wp-block-image size-large\"><img loading=\"lazy\" decoding=\"async\" width=\"1024\" height=\"1024\" src=\"http:\/\/svetaobitelj.hr\/wp-content\/uploads\/2021\/01\/slika2-1024x1024.jpg\" alt=\"\" class=\"wp-image-1702\" srcset=\"https:\/\/svetaobitelj.hr\/wp-content\/uploads\/2021\/01\/slika2-1024x1024.jpg 1024w, https:\/\/svetaobitelj.hr\/wp-content\/uploads\/2021\/01\/slika2-300x300.jpg 300w, https:\/\/svetaobitelj.hr\/wp-content\/uploads\/2021\/01\/slika2-150x150.jpg 150w, https:\/\/svetaobitelj.hr\/wp-content\/uploads\/2021\/01\/slika2-768x768.jpg 768w, https:\/\/svetaobitelj.hr\/wp-content\/uploads\/2021\/01\/slika2-1536x1536.jpg 1536w, https:\/\/svetaobitelj.hr\/wp-content\/uploads\/2021\/01\/slika2.jpg 1920w\" sizes=\"auto, (max-width: 1024px) 100vw, 1024px\" \/><\/figure>\n\n\n\n<p>\u010cim smo \u010duli za razorni potres na Banovini na\u0161a \u017eupa organizirala je skupljanje higijenskih potrep\u0161tina i nov\u010danih priloga. S obzirom da smo mi franjeva\u010dki &#8220;nastrojeni&#8221; odlu\u010dili smo se pomo\u0107 dati za dvije franjeva\u010dke \u017eupe kojima upravlja fra Dragan Grizelj, \u010dlan Hrvatske franjeva\u010dke provincije sv. \u0106irila i Metoda u Zagrebu. U \u010detvrtak 14.01.2021 prevezli smo donaciju u Hrastovicu .Dobrotom gospodina Milana Papu\u010di\u0107a iz Na\u0161ica koji je ustupio kombi i prevezao donirane stvari \u017eupnik fra Dragutin i voditeljica \u017eupnog Caritasa Tatjana \u0160arga\u010d iste su predali fra Draganu kao i nov\u010dani prilog. Zahvalni za sve donacije i molitve pozivamo vas da i nadalje suosje\u0107amo sa stradalima u potresu. Akciju nastavljamo za \u0161to \u0107ete na vrijeme biti obavije\u0161teni.<\/p>\n\n\n\n<figure class=\"wp-block-image size-large\"><img loading=\"lazy\" decoding=\"async\" width=\"1024\" height=\"1024\" src=\"http:\/\/svetaobitelj.hr\/wp-content\/uploads\/2021\/01\/slika1-1-1024x1024.jpg\" alt=\"\" class=\"wp-image-1703\" srcset=\"https:\/\/svetaobitelj.hr\/wp-content\/uploads\/2021\/01\/slika1-1-1024x1024.jpg 1024w, https:\/\/svetaobitelj.hr\/wp-content\/uploads\/2021\/01\/slika1-1-300x300.jpg 300w, https:\/\/svetaobitelj.hr\/wp-content\/uploads\/2021\/01\/slika1-1-150x150.jpg 150w, https:\/\/svetaobitelj.hr\/wp-content\/uploads\/2021\/01\/slika1-1-768x768.jpg 768w, https:\/\/svetaobitelj.hr\/wp-content\/uploads\/2021\/01\/slika1-1-1536x1536.jpg 1536w, https:\/\/svetaobitelj.hr\/wp-content\/uploads\/2021\/01\/slika1-1.jpg 1920w\" sizes=\"auto, (max-width: 1024px) 100vw, 1024px\" \/><\/figure>\n","protected":false},"excerpt":{"rendered":"<p>\u010cim smo \u010duli za razorni potres na Banovini na\u0161a \u017eupa organizirala je skupljanje higijenskih potrep\u0161tina i nov\u010danih priloga. S obzirom da smo mi franjeva\u010dki &#8220;nastrojeni&#8221; odlu\u010dili smo se pomo\u0107 dati za dvije franjeva\u010dke \u017eupe kojima upravlja fra Dragan Grizelj, \u010dlan Hrvatske franjeva\u010dke provincije sv. \u0106irila i Metoda u Zagrebu. U \u010detvrtak 14.01.2021 prevezli smo donaciju <a href=\"https:\/\/svetaobitelj.hr\/?p=1700\" class=\"more-link\">[&hellip;]<\/a><\/p>\n","protected":false},"author":2,"featured_media":0,"comment_status":"closed","ping_status":"open","sticky":false,"template":"","format":"standard","meta":{"footnotes":""},"categories":[3],"tags":[],"class_list":["entry","author-","post-1700","post","type-post","status-publish","format-standard","category-zupa"],"_links":{"self":[{"href":"https:\/\/svetaobitelj.hr\/index.php?rest_route=\/wp\/v2\/posts\/1700","targetHints":{"allow":["GET"]}}],"collection":[{"href":"https:\/\/svetaobitelj.hr\/index.php?rest_route=\/wp\/v2\/posts"}],"about":[{"href":"https:\/\/svetaobitelj.hr\/index.php?rest_route=\/wp\/v2\/types\/post"}],"author":[{"embeddable":true,"href":"https:\/\/svetaobitelj.hr\/index.php?rest_route=\/wp\/v2\/users\/2"}],"replies":[{"embeddable":true,"href":"https:\/\/svetaobitelj.hr\/index.php?rest_route=%2Fwp%2Fv2%2Fcomments&post=1700"}],"version-history":[{"count":1,"href":"https:\/\/svetaobitelj.hr\/index.php?rest_route=\/wp\/v2\/posts\/1700\/revisions"}],"predecessor-version":[{"id":1704,"href":"https:\/\/svetaobitelj.hr\/index.php?rest_route=\/wp\/v2\/posts\/1700\/revisions\/1704"}],"wp:attachment":[{"href":"https:\/\/svetaobitelj.hr\/index.php?rest_route=%2Fwp%2Fv2%2Fmedia&parent=1700"}],"wp:term":[{"taxonomy":"category","embeddable":true,"href":"https:\/\/svetaobitelj.hr\/index.php?rest_route=%2Fwp%2Fv2%2Fcategories&post=1700"},{"taxonomy":"post_tag","embeddable":true,"href":"https:\/\/svetaobitelj.hr\/index.php?rest_route=%2Fwp%2Fv2%2Ftags&post=1700"}],"curies":[{"name":"wp","href":"https:\/\/api.w.org\/{rel}","templated":true}]}}