{"id":1696,"date":"2021-01-09T21:04:26","date_gmt":"2021-01-09T20:04:26","guid":{"rendered":"http:\/\/svetaobitelj.hr\/?p=1696"},"modified":"2021-01-09T21:04:26","modified_gmt":"2021-01-09T20:04:26","slug":"nadbiskupijski-dan-molitve-i-pokore-za-smirenje-i-prestanak-pandemije-te-za-zrtve-potresa-29-prosinca-2020","status":"publish","type":"post","link":"https:\/\/svetaobitelj.hr\/?p=1696","title":{"rendered":"Nadbiskupijski dan molitve i pokore za smirenje i prestanak pandemije, te za \u017ertve potresa 29. prosinca 2020."},"content":{"rendered":"\n<div class=\"wp-block-image\"><figure class=\"aligncenter size-large\"><img loading=\"lazy\" decoding=\"async\" width=\"1024\" height=\"1024\" src=\"http:\/\/svetaobitelj.hr\/wp-content\/uploads\/2021\/01\/Slika-1-1024x1024.jpg\" alt=\"\" class=\"wp-image-1697\" srcset=\"https:\/\/svetaobitelj.hr\/wp-content\/uploads\/2021\/01\/Slika-1-1024x1024.jpg 1024w, https:\/\/svetaobitelj.hr\/wp-content\/uploads\/2021\/01\/Slika-1-300x300.jpg 300w, https:\/\/svetaobitelj.hr\/wp-content\/uploads\/2021\/01\/Slika-1-150x150.jpg 150w, https:\/\/svetaobitelj.hr\/wp-content\/uploads\/2021\/01\/Slika-1-768x768.jpg 768w, https:\/\/svetaobitelj.hr\/wp-content\/uploads\/2021\/01\/Slika-1-1536x1536.jpg 1536w, https:\/\/svetaobitelj.hr\/wp-content\/uploads\/2021\/01\/Slika-1.jpg 1920w\" sizes=\"auto, (max-width: 1024px) 100vw, 1024px\" \/><\/figure><\/div>\n\n\n\n<p>U petak, 08. sije\u010dnja, na spomendan Gospe od Brze pomo\u0107i, u na\u0161oj \u017eupi molili smo za smirenje i prestanak pandemije, te za \u017ertve potresa koji je razorio dio Sisa\u010dko-moslava\u010dke \u017eupanije, a na poticaj na\u0161ega nadbiskupa. Uz redovite mise u 7,30 i 18,30 sati, na\u0161i \u017eupljani bili su pozvani sudjelovati u pobo\u017enosti molitve radosnih otajstava krunice s kra\u0107im razmatranjem (slu\u017eba Rije\u010di sa sv. pri\u010de\u0161\u0107u prisutnih vjernika) koju smo molili u 10,00 sati. U 12,00 sati nakon  An\u0111eoskog pozdravljenja uslijedila je molitva otajstava svjetla krunice s kra\u0107im razmatranjem (slu\u017eba Rije\u010di sa sv. pri\u010de\u0161\u0107u prisutnih vjernika), a u 15,00 sati molitva krunice i zaziva Milosr\u0111u Bo\u017ejem s poticajnim uvodom (slu\u017eba Rije\u010di sa sv. pri\u010de\u0161\u0107u prisutnih vjernika). U 17,00 sati bilo je euharistijsko klanjanje. <\/p>\n\n\n\n<div class=\"wp-block-image\"><figure class=\"aligncenter size-large\"><img loading=\"lazy\" decoding=\"async\" width=\"1024\" height=\"1024\" src=\"http:\/\/svetaobitelj.hr\/wp-content\/uploads\/2021\/01\/Slika-2-1024x1024.jpg\" alt=\"\" class=\"wp-image-1698\" srcset=\"https:\/\/svetaobitelj.hr\/wp-content\/uploads\/2021\/01\/Slika-2-1024x1024.jpg 1024w, https:\/\/svetaobitelj.hr\/wp-content\/uploads\/2021\/01\/Slika-2-300x300.jpg 300w, https:\/\/svetaobitelj.hr\/wp-content\/uploads\/2021\/01\/Slika-2-150x150.jpg 150w, https:\/\/svetaobitelj.hr\/wp-content\/uploads\/2021\/01\/Slika-2-768x768.jpg 768w, https:\/\/svetaobitelj.hr\/wp-content\/uploads\/2021\/01\/Slika-2-1536x1536.jpg 1536w, https:\/\/svetaobitelj.hr\/wp-content\/uploads\/2021\/01\/Slika-2.jpg 1920w\" sizes=\"auto, (max-width: 1024px) 100vw, 1024px\" \/><\/figure><\/div>\n","protected":false},"excerpt":{"rendered":"<p>U petak, 08. sije\u010dnja, na spomendan Gospe od Brze pomo\u0107i, u na\u0161oj \u017eupi molili smo za smirenje i prestanak pandemije, te za \u017ertve potresa koji je razorio dio Sisa\u010dko-moslava\u010dke \u017eupanije, a na poticaj na\u0161ega nadbiskupa. Uz redovite mise u 7,30 i 18,30 sati, na\u0161i \u017eupljani bili su pozvani sudjelovati u pobo\u017enosti molitve radosnih otajstava krunice <a href=\"https:\/\/svetaobitelj.hr\/?p=1696\" class=\"more-link\">[&hellip;]<\/a><\/p>\n","protected":false},"author":2,"featured_media":0,"comment_status":"closed","ping_status":"open","sticky":false,"template":"","format":"standard","meta":{"footnotes":""},"categories":[3],"tags":[],"class_list":["entry","author-","post-1696","post","type-post","status-publish","format-standard","category-zupa"],"_links":{"self":[{"href":"https:\/\/svetaobitelj.hr\/index.php?rest_route=\/wp\/v2\/posts\/1696","targetHints":{"allow":["GET"]}}],"collection":[{"href":"https:\/\/svetaobitelj.hr\/index.php?rest_route=\/wp\/v2\/posts"}],"about":[{"href":"https:\/\/svetaobitelj.hr\/index.php?rest_route=\/wp\/v2\/types\/post"}],"author":[{"embeddable":true,"href":"https:\/\/svetaobitelj.hr\/index.php?rest_route=\/wp\/v2\/users\/2"}],"replies":[{"embeddable":true,"href":"https:\/\/svetaobitelj.hr\/index.php?rest_route=%2Fwp%2Fv2%2Fcomments&post=1696"}],"version-history":[{"count":1,"href":"https:\/\/svetaobitelj.hr\/index.php?rest_route=\/wp\/v2\/posts\/1696\/revisions"}],"predecessor-version":[{"id":1699,"href":"https:\/\/svetaobitelj.hr\/index.php?rest_route=\/wp\/v2\/posts\/1696\/revisions\/1699"}],"wp:attachment":[{"href":"https:\/\/svetaobitelj.hr\/index.php?rest_route=%2Fwp%2Fv2%2Fmedia&parent=1696"}],"wp:term":[{"taxonomy":"category","embeddable":true,"href":"https:\/\/svetaobitelj.hr\/index.php?rest_route=%2Fwp%2Fv2%2Fcategories&post=1696"},{"taxonomy":"post_tag","embeddable":true,"href":"https:\/\/svetaobitelj.hr\/index.php?rest_route=%2Fwp%2Fv2%2Ftags&post=1696"}],"curies":[{"name":"wp","href":"https:\/\/api.w.org\/{rel}","templated":true}]}}