{"id":1685,"date":"2021-01-02T10:39:13","date_gmt":"2021-01-02T09:39:13","guid":{"rendered":"http:\/\/svetaobitelj.hr\/?p=1685"},"modified":"2021-01-02T10:39:13","modified_gmt":"2021-01-02T09:39:13","slug":"zupne-obavijesti-2-nedjelja-po-bozicu-2","status":"publish","type":"post","link":"https:\/\/svetaobitelj.hr\/?p=1685","title":{"rendered":"\u017dupne obavijesti: 2. nedjelja po Bo\u017ei\u0107u"},"content":{"rendered":"\n<ul class=\"wp-block-list\"><li>Svjedoci smo strahovitog potresa i njegovih posljedica u Sisa\u010dkoj biskupiji. Svojim molitvama i materijalnom pomo\u0107i \u017eelimo biti blizu stradalnicima ove prirodne nepogode. Kao \u017eupna zajednica \u017eelimo konkretnije pomo\u0107i dvjema \u017eupama kojima upravlja fra Dragan Grizelj, \u010dlan na\u0161e Hrvatske franjeva\u010dke provincije: sv. Bartola u Hrastovici i Sv. Ivana Pavla II. u Petrinji. Njima mo\u017eemo pomo\u0107i darivanjem higijenskih potrep\u0161tina i nov\u010danim prilozima koje mo\u017eete donijeti u \u017eupni ured. Predla\u017eemo da nov\u010dani dar koji ste namijenili za blagoslov obitelji darujemo za pogo\u0111ene od potresa. Odlukom na\u0161ega nadbiskupa mons. \u0110ure Hrani\u0107a ove i sljede\u0107e nedjelje \u0107emo nakon svetih misa skupljati nov\u010dane priloge za potrebe unesre\u0107enih od potresa koje \u0107emo proslijediti u Caritas Sisa\u010dke biskupije. Ovaj tjedan \u0107emo uredovati u \u017eupnom uredu svaki dan od ponedjeljka do subote od 8:30 do 12:00 te od 16:00 do 18:00 sati (kao i na  Bogojavljenje) kako bi mogli primati va\u0161e nov\u010dane priloge i higijenske potrep\u0161tine za nastradale od potresa. <\/li><li>Danas slavimo drugu nedjelju po Bo\u017ei\u0107u. Prva je nedjelja u mjesecu kada molimo za duhovna zvanja. Zbog prikupljanja nov\u010danih darova za nastradale od potresa ne\u0107emo prikupljati priloge za sjemeni\u0161ta.<\/li><li>U srijedu slavimo svetkovinu Bogojavljenja ili Sveta tri kralja. Svete mise su prema izvanrednom nedjeljnom rasporedu. Svetkovina Bogojavljenja posve\u0107ena je Papinskom misijskom Djelu svetog Djetinjstva kojeg slavi cijela Crkva. To Djelo poma\u017ee oko izgradnje \u0161kola, siroti\u0161ta i bolnica diljem svijeta, sudjeluje u razli\u010ditim dje\u010djim duhovnim projektima po \u017eupama i poma\u017ee dje\u010dje pokrete i udruge u misijskim krajevima. Prikupljat \u0107emo nov\u010dane priloge na tu nakanu nakon svetih misa, a svoj dar mo\u017eete dati i u \u0161krabicu na izlazu iz crkve na kojoj pi\u0161e za djecu u misijama.<\/li><li>Na\u0161 nadbiskup mons. \u0110uro Hrani\u0107 poziva nas i odre\u0111uje da u petak, 8. sije\u010dnja 2021., u svim na\u0161im \u017eupama, redovni\u010dkim zajednicama i crkvama, te u molitvenim i drugim zajednicama, na spomen BDM Gospe od Brze Pomo\u0107i, uprili\u010dimo Nadbiskupijski dan molitve i pokore za smirenje i prestanak pandemije. Poti\u010de da se toga dana moli i u svim na\u0161im obiteljima, a starije i bolesne u obiteljskim i umirovljeni\u010dkim domovima te u bolnicama da nam se i oni pridru\u017ee svojim trpljenjem i tihom molitvom. Preporuka je da se taj dan posti ili barem da se dr\u017ei nemrs, te da ne zaboravimo na djela milosr\u0111a prema starijima, siroma\u0161nima i potrebnima me\u0111u nama. Raspored  bogoslu\u017eja u na\u0161oj \u017eupnoj crkvi imate na oglasnoj plo\u010di.<\/li><li>Sljede\u0107e nedjelje slavimo Kr\u0161tenje Gospodinovo kada zavr\u0161ava bo\u017ei\u0107no vrijeme u liturgijskoj godini, a zapo\u010dinje vrijeme kroz godinu. Ne\u0107e biti redovitog susreta Mjesnog bratstva OFS-a.<\/li><li>Molimo sve vas koji jo\u0161 nemate \u017eupnu knji\u017eicu ili je potrebno upisati promjene u postoje\u0107e, da se javite u \u017eupni ured. Kupujte i \u010ditajte katoli\u010dki vjerski tisak. Do daljnjega je odgo\u0111en blagoslov obitelji.<\/li><\/ul>\n\n\n\n<p class=\"has-text-align-center\"><em>NADBISKUPIJSKI DAN MOLITVE I POKORE ZA SMIRENJE I PRESTANAK PANDEMIJE <\/em><\/p>\n\n\n\n<p>Petak, 8. sije\u010dnja 2021.<\/p>\n\n\n\n<p> Raspored liturgijskih slavlja u na\u0161oj \u017eupi: <\/p>\n\n\n\n<p><em>7:30<\/em> \u2013 jutarnja sveta misa<br><em>10:00<\/em> \u2013 molitva radosnih otajstava krunice s kra\u0107im razmatranjem (slu\u017eba Rije\u010di sa sv. pri\u010de\u0161\u0107u prisutnih vjernika)<br><em>12:00<\/em> \u2013 An\u0111eosko pozdravljenje, potom molitva otajstava svjetla krunice s kra\u0107im razmatranjem (slu\u017eba Rije\u010di sa sv. pri\u010de\u0161\u0107u prisutnih vjernika)<br><em>15:00 <\/em>\u2013 molitva krunice i zaziva Milosr\u0111u Bo\u017ejem s poticajnim uvodom  (slu\u017eba Rije\u010di sa sv. pri\u010de\u0161\u0107u prisutnih vjernika)<br><em>17:00 <\/em>\u2013 euharistijsko klanjanje<br><em>18:30<\/em> \u2013 ve\u010dernja sveta misa<\/p>\n\n\n\n<p><em>VA\u017dNO!!!<\/em><br>Potrebno je pridr\u017eavati se epidemiolo\u0161kih mjera (dezinfekcija ruku, fizi\u010dka distanca, 25 vjernika u crkvi, pri\u010dest na ruku). Treba se tako rasporediti kako ne bi jedni te isti ljudi sudjelovali na svim susretima. Zato je i na\u0161 nadbiskup dozvolio da se izvanredno smije uz slu\u017ebu Rije\u010di pri\u010destiti  prisutne vjernike pa \u0107emo to imati uz molitve krunice.<\/p>\n","protected":false},"excerpt":{"rendered":"<p>Svjedoci smo strahovitog potresa i njegovih posljedica u Sisa\u010dkoj biskupiji. Svojim molitvama i materijalnom pomo\u0107i \u017eelimo biti blizu stradalnicima ove prirodne nepogode. Kao \u017eupna zajednica \u017eelimo konkretnije pomo\u0107i dvjema \u017eupama kojima upravlja fra Dragan Grizelj, \u010dlan na\u0161e Hrvatske franjeva\u010dke provincije: sv. Bartola u Hrastovici i Sv. Ivana Pavla II. u Petrinji. Njima mo\u017eemo pomo\u0107i darivanjem <a href=\"https:\/\/svetaobitelj.hr\/?p=1685\" class=\"more-link\">[&hellip;]<\/a><\/p>\n","protected":false},"author":2,"featured_media":0,"comment_status":"closed","ping_status":"open","sticky":false,"template":"","format":"standard","meta":{"footnotes":""},"categories":[3],"tags":[],"class_list":["entry","author-","post-1685","post","type-post","status-publish","format-standard","category-zupa"],"_links":{"self":[{"href":"https:\/\/svetaobitelj.hr\/index.php?rest_route=\/wp\/v2\/posts\/1685","targetHints":{"allow":["GET"]}}],"collection":[{"href":"https:\/\/svetaobitelj.hr\/index.php?rest_route=\/wp\/v2\/posts"}],"about":[{"href":"https:\/\/svetaobitelj.hr\/index.php?rest_route=\/wp\/v2\/types\/post"}],"author":[{"embeddable":true,"href":"https:\/\/svetaobitelj.hr\/index.php?rest_route=\/wp\/v2\/users\/2"}],"replies":[{"embeddable":true,"href":"https:\/\/svetaobitelj.hr\/index.php?rest_route=%2Fwp%2Fv2%2Fcomments&post=1685"}],"version-history":[{"count":4,"href":"https:\/\/svetaobitelj.hr\/index.php?rest_route=\/wp\/v2\/posts\/1685\/revisions"}],"predecessor-version":[{"id":1689,"href":"https:\/\/svetaobitelj.hr\/index.php?rest_route=\/wp\/v2\/posts\/1685\/revisions\/1689"}],"wp:attachment":[{"href":"https:\/\/svetaobitelj.hr\/index.php?rest_route=%2Fwp%2Fv2%2Fmedia&parent=1685"}],"wp:term":[{"taxonomy":"category","embeddable":true,"href":"https:\/\/svetaobitelj.hr\/index.php?rest_route=%2Fwp%2Fv2%2Fcategories&post=1685"},{"taxonomy":"post_tag","embeddable":true,"href":"https:\/\/svetaobitelj.hr\/index.php?rest_route=%2Fwp%2Fv2%2Ftags&post=1685"}],"curies":[{"name":"wp","href":"https:\/\/api.w.org\/{rel}","templated":true}]}}