{"id":1674,"date":"2020-12-31T13:44:27","date_gmt":"2020-12-31T12:44:27","guid":{"rendered":"http:\/\/svetaobitelj.hr\/?p=1674"},"modified":"2020-12-31T13:44:28","modified_gmt":"2020-12-31T12:44:28","slug":"hrastovica-i-cuntic-nakon-potresa","status":"publish","type":"post","link":"https:\/\/svetaobitelj.hr\/?p=1674","title":{"rendered":"Hrastovica i \u010cunti\u0107 nakon potresa"},"content":{"rendered":"\n<div class=\"wp-block-image\"><figure class=\"aligncenter size-large\"><img loading=\"lazy\" decoding=\"async\" width=\"1024\" height=\"1024\" src=\"http:\/\/svetaobitelj.hr\/wp-content\/uploads\/2020\/12\/20201231_134107-1024x1024.jpg\" alt=\"\" class=\"wp-image-1676\" srcset=\"https:\/\/svetaobitelj.hr\/wp-content\/uploads\/2020\/12\/20201231_134107-1024x1024.jpg 1024w, https:\/\/svetaobitelj.hr\/wp-content\/uploads\/2020\/12\/20201231_134107-300x300.jpg 300w, https:\/\/svetaobitelj.hr\/wp-content\/uploads\/2020\/12\/20201231_134107-150x150.jpg 150w, https:\/\/svetaobitelj.hr\/wp-content\/uploads\/2020\/12\/20201231_134107-768x768.jpg 768w, https:\/\/svetaobitelj.hr\/wp-content\/uploads\/2020\/12\/20201231_134107-1536x1536.jpg 1536w, https:\/\/svetaobitelj.hr\/wp-content\/uploads\/2020\/12\/20201231_134107-2048x2048.jpg 2048w\" sizes=\"auto, (max-width: 1024px) 100vw, 1024px\" \/><\/figure><\/div>\n\n\n\n<p>Draga bra\u0107o, <\/p>\n\n\n\n<p>danas nakon obilaska na\u0161e bra\u0107e u potresom pogo\u0111enom podru\u010dju na Banovini javljam vam da su sva na\u0161a bra\u0107a dobro i svi su u svojim mjestima.<\/p>\n\n\n\n<p>Posjetili smo fra Petra \u017dagara u Hrvatskom \u010cunti\u0107u, fra Dragana Grizelja u Hrastovici te bra\u0107u u Hrvatskoj Kostajnici.<\/p>\n\n\n\n<p>Preporu\u010damo ih, kao i sav narod toga kraja, u molitve da izdr\u017ee trpljenje koje prolaze ovih dana zbog posljedica potresa.<\/p>\n\n\n\n<p>Mir i dobro!<\/p>\n\n\n\n<p>fra Milan Kri\u0161to, provincijalni ministar<\/p>\n\n\n\n<figure class=\"wp-block-image size-large\"><img loading=\"lazy\" decoding=\"async\" width=\"1024\" height=\"1024\" src=\"http:\/\/svetaobitelj.hr\/wp-content\/uploads\/2020\/12\/20201231_134227-1-1024x1024.jpg\" alt=\"\" class=\"wp-image-1677\" srcset=\"https:\/\/svetaobitelj.hr\/wp-content\/uploads\/2020\/12\/20201231_134227-1-1024x1024.jpg 1024w, https:\/\/svetaobitelj.hr\/wp-content\/uploads\/2020\/12\/20201231_134227-1-300x300.jpg 300w, https:\/\/svetaobitelj.hr\/wp-content\/uploads\/2020\/12\/20201231_134227-1-150x150.jpg 150w, https:\/\/svetaobitelj.hr\/wp-content\/uploads\/2020\/12\/20201231_134227-1-768x768.jpg 768w, https:\/\/svetaobitelj.hr\/wp-content\/uploads\/2020\/12\/20201231_134227-1-1536x1536.jpg 1536w, https:\/\/svetaobitelj.hr\/wp-content\/uploads\/2020\/12\/20201231_134227-1-2048x2048.jpg 2048w\" sizes=\"auto, (max-width: 1024px) 100vw, 1024px\" \/><\/figure>\n\n\n\n<figure class=\"wp-block-image size-large\"><img loading=\"lazy\" decoding=\"async\" width=\"1024\" height=\"1024\" src=\"http:\/\/svetaobitelj.hr\/wp-content\/uploads\/2020\/12\/Slika-1024x1024.jpg\" alt=\"\" class=\"wp-image-1678\" srcset=\"https:\/\/svetaobitelj.hr\/wp-content\/uploads\/2020\/12\/Slika-1024x1024.jpg 1024w, https:\/\/svetaobitelj.hr\/wp-content\/uploads\/2020\/12\/Slika-300x300.jpg 300w, https:\/\/svetaobitelj.hr\/wp-content\/uploads\/2020\/12\/Slika-150x150.jpg 150w, https:\/\/svetaobitelj.hr\/wp-content\/uploads\/2020\/12\/Slika-768x768.jpg 768w, https:\/\/svetaobitelj.hr\/wp-content\/uploads\/2020\/12\/Slika-1536x1536.jpg 1536w, https:\/\/svetaobitelj.hr\/wp-content\/uploads\/2020\/12\/Slika-2048x2048.jpg 2048w\" sizes=\"auto, (max-width: 1024px) 100vw, 1024px\" \/><\/figure>\n","protected":false},"excerpt":{"rendered":"<p>Draga bra\u0107o, danas nakon obilaska na\u0161e bra\u0107e u potresom pogo\u0111enom podru\u010dju na Banovini javljam vam da su sva na\u0161a bra\u0107a dobro i svi su u svojim mjestima. Posjetili smo fra Petra \u017dagara u Hrvatskom \u010cunti\u0107u, fra Dragana Grizelja u Hrastovici te bra\u0107u u Hrvatskoj Kostajnici. Preporu\u010damo ih, kao i sav narod toga kraja, u molitve <a href=\"https:\/\/svetaobitelj.hr\/?p=1674\" class=\"more-link\">[&hellip;]<\/a><\/p>\n","protected":false},"author":2,"featured_media":0,"comment_status":"closed","ping_status":"open","sticky":false,"template":"","format":"standard","meta":{"footnotes":""},"categories":[3],"tags":[],"class_list":["entry","author-","post-1674","post","type-post","status-publish","format-standard","category-zupa"],"_links":{"self":[{"href":"https:\/\/svetaobitelj.hr\/index.php?rest_route=\/wp\/v2\/posts\/1674","targetHints":{"allow":["GET"]}}],"collection":[{"href":"https:\/\/svetaobitelj.hr\/index.php?rest_route=\/wp\/v2\/posts"}],"about":[{"href":"https:\/\/svetaobitelj.hr\/index.php?rest_route=\/wp\/v2\/types\/post"}],"author":[{"embeddable":true,"href":"https:\/\/svetaobitelj.hr\/index.php?rest_route=\/wp\/v2\/users\/2"}],"replies":[{"embeddable":true,"href":"https:\/\/svetaobitelj.hr\/index.php?rest_route=%2Fwp%2Fv2%2Fcomments&post=1674"}],"version-history":[{"count":1,"href":"https:\/\/svetaobitelj.hr\/index.php?rest_route=\/wp\/v2\/posts\/1674\/revisions"}],"predecessor-version":[{"id":1679,"href":"https:\/\/svetaobitelj.hr\/index.php?rest_route=\/wp\/v2\/posts\/1674\/revisions\/1679"}],"wp:attachment":[{"href":"https:\/\/svetaobitelj.hr\/index.php?rest_route=%2Fwp%2Fv2%2Fmedia&parent=1674"}],"wp:term":[{"taxonomy":"category","embeddable":true,"href":"https:\/\/svetaobitelj.hr\/index.php?rest_route=%2Fwp%2Fv2%2Fcategories&post=1674"},{"taxonomy":"post_tag","embeddable":true,"href":"https:\/\/svetaobitelj.hr\/index.php?rest_route=%2Fwp%2Fv2%2Ftags&post=1674"}],"curies":[{"name":"wp","href":"https:\/\/api.w.org\/{rel}","templated":true}]}}