{"id":1659,"date":"2020-12-26T14:32:57","date_gmt":"2020-12-26T13:32:57","guid":{"rendered":"http:\/\/svetaobitelj.hr\/?p=1659"},"modified":"2020-12-26T14:32:57","modified_gmt":"2020-12-26T13:32:57","slug":"badnja-vecer-u-nasoj-zupi","status":"publish","type":"post","link":"https:\/\/svetaobitelj.hr\/?p=1659","title":{"rendered":"Badnja ve\u010der u na\u0161oj \u017eupi&#8230;"},"content":{"rendered":"\n<figure class=\"wp-block-image size-large\"><img loading=\"lazy\" decoding=\"async\" width=\"1024\" height=\"1024\" src=\"http:\/\/svetaobitelj.hr\/wp-content\/uploads\/2020\/12\/slika1-1024x1024.jpg\" alt=\"\" class=\"wp-image-1660\" srcset=\"https:\/\/svetaobitelj.hr\/wp-content\/uploads\/2020\/12\/slika1-1024x1024.jpg 1024w, https:\/\/svetaobitelj.hr\/wp-content\/uploads\/2020\/12\/slika1-300x300.jpg 300w, https:\/\/svetaobitelj.hr\/wp-content\/uploads\/2020\/12\/slika1-150x150.jpg 150w, https:\/\/svetaobitelj.hr\/wp-content\/uploads\/2020\/12\/slika1-768x768.jpg 768w, https:\/\/svetaobitelj.hr\/wp-content\/uploads\/2020\/12\/slika1-1536x1536.jpg 1536w, https:\/\/svetaobitelj.hr\/wp-content\/uploads\/2020\/12\/slika1.jpg 1920w\" sizes=\"auto, (max-width: 1024px) 100vw, 1024px\" \/><\/figure>\n\n\n\n<p>Nakon specifi\u010dnog Adventa (dvije zornice svakog dana, maske na licima, dezinfekcija na ulazu, ograni\u010den broj vjernika na svetim misama, fizi\u010dka distanca i odgovornost prije svega) uslijedila je i specifi\u010dna Badnja ve\u010der s vi\u0161e polno\u0107ki. Kao i svake godine, do\u010dekali smo Betlehemsko svjetlo zahvaljuju\u0107i na\u0161im izvi\u0111a\u010dima, koji su ga sve\u010dano i u skladu s epidemiolo\u0161kim mjerama unijeli u na\u0161u crkvu na po\u010detku prve polno\u0107ke. <\/p>\n","protected":false},"excerpt":{"rendered":"<p>Nakon specifi\u010dnog Adventa (dvije zornice svakog dana, maske na licima, dezinfekcija na ulazu, ograni\u010den broj vjernika na svetim misama, fizi\u010dka distanca i odgovornost prije svega) uslijedila je i specifi\u010dna Badnja ve\u010der s vi\u0161e polno\u0107ki. Kao i svake godine, do\u010dekali smo Betlehemsko svjetlo zahvaljuju\u0107i na\u0161im izvi\u0111a\u010dima, koji su ga sve\u010dano i u skladu s epidemiolo\u0161kim mjerama <a href=\"https:\/\/svetaobitelj.hr\/?p=1659\" class=\"more-link\">[&hellip;]<\/a><\/p>\n","protected":false},"author":2,"featured_media":0,"comment_status":"closed","ping_status":"open","sticky":false,"template":"","format":"standard","meta":{"footnotes":""},"categories":[3],"tags":[],"class_list":["entry","author-","post-1659","post","type-post","status-publish","format-standard","category-zupa"],"_links":{"self":[{"href":"https:\/\/svetaobitelj.hr\/index.php?rest_route=\/wp\/v2\/posts\/1659","targetHints":{"allow":["GET"]}}],"collection":[{"href":"https:\/\/svetaobitelj.hr\/index.php?rest_route=\/wp\/v2\/posts"}],"about":[{"href":"https:\/\/svetaobitelj.hr\/index.php?rest_route=\/wp\/v2\/types\/post"}],"author":[{"embeddable":true,"href":"https:\/\/svetaobitelj.hr\/index.php?rest_route=\/wp\/v2\/users\/2"}],"replies":[{"embeddable":true,"href":"https:\/\/svetaobitelj.hr\/index.php?rest_route=%2Fwp%2Fv2%2Fcomments&post=1659"}],"version-history":[{"count":1,"href":"https:\/\/svetaobitelj.hr\/index.php?rest_route=\/wp\/v2\/posts\/1659\/revisions"}],"predecessor-version":[{"id":1661,"href":"https:\/\/svetaobitelj.hr\/index.php?rest_route=\/wp\/v2\/posts\/1659\/revisions\/1661"}],"wp:attachment":[{"href":"https:\/\/svetaobitelj.hr\/index.php?rest_route=%2Fwp%2Fv2%2Fmedia&parent=1659"}],"wp:term":[{"taxonomy":"category","embeddable":true,"href":"https:\/\/svetaobitelj.hr\/index.php?rest_route=%2Fwp%2Fv2%2Fcategories&post=1659"},{"taxonomy":"post_tag","embeddable":true,"href":"https:\/\/svetaobitelj.hr\/index.php?rest_route=%2Fwp%2Fv2%2Ftags&post=1659"}],"curies":[{"name":"wp","href":"https:\/\/api.w.org\/{rel}","templated":true}]}}