{"id":1650,"date":"2020-12-26T13:54:54","date_gmt":"2020-12-26T12:54:54","guid":{"rendered":"http:\/\/svetaobitelj.hr\/?p=1650"},"modified":"2020-12-26T13:54:54","modified_gmt":"2020-12-26T12:54:54","slug":"zupne-obavijesti-sveta-obitelj-3","status":"publish","type":"post","link":"https:\/\/svetaobitelj.hr\/?p=1650","title":{"rendered":"\u017dupne obavijesti: Sveta Obitelj"},"content":{"rendered":"\n<ul class=\"wp-block-list\"><li><strong>Slavimo Svetu Obitelj. Crkveni je god u na\u0161oj \u017dupi. <\/strong><\/li><\/ul>\n\n\n\n<ul class=\"wp-block-list\"><li><strong>Sutra slavimo Nevinu dje\u010dicu.\nSvete mise su u 7:30 i 18:30 sati. <\/strong><\/li><\/ul>\n\n\n\n<ul class=\"wp-block-list\"><li><strong>Redovite svete misa radnim danom\nsu u 7:30 i u 18:30 sati.<\/strong><\/li><\/ul>\n\n\n\n<ul class=\"wp-block-list\"><li><strong>U \u010detvrtak je Stara godina.\nJutarnja sveta misa je u 7:30 sati, a sveta misa zahvalnica za proteklu\ngra\u0111ansku godinu je u 17:00 sati. Ne\u0107e biti svete mise u 18:30 sati.<\/strong><\/li><\/ul>\n\n\n\n<ul class=\"wp-block-list\"><li><strong>U petak slavimo svetkovinu Marije\nBogorodice i Nova je godina. Svete mise su u 7:00, 9:00, 11:00 i 18:30 sati.<\/strong><\/li><\/ul>\n\n\n\n<ul class=\"wp-block-list\"><li><strong>U subotu \u0107emo pod ve\u010dernjom\nsvetom misom moliti za duhovna zvanja.<\/strong><\/li><\/ul>\n\n\n\n<ul class=\"wp-block-list\"><li><strong>Sljede\u0107e nedjelje slavimo drugu\nnedjelju po Bo\u017ei\u0107u. Prva je nedjelja u mjesecu kada se svojim molitvama i\nnov\u010danim darovima sje\u0107amo na\u0161ih odgojnih ustanova, sjemeni\u0161ta. Pod jutarnjom\nsvetom misom molit \u0107emo za dobro\u010dinitelje ove na\u0161e crkve i samostana. Svete\nmise su prema izvanrednom nedjeljnom rasporedu.<\/strong><\/li><\/ul>\n\n\n\n<ul class=\"wp-block-list\"><li><strong>Obveza je i nadalje no\u0161enja maski\nza lice, pri\u010dest je na ruku, a uz dezinfekciju ruku i fizi\u010dku distancu te u\nposlu\u0161nosti na\u0161im redarima, nastavljamo \u017eivjeti odgovorno i u ovim uvjetima.<\/strong><\/li><\/ul>\n\n\n\n<ul class=\"wp-block-list\"><li><strong>Nakon sastanka nas sve\u0107enika koji\ndjelujemo u osje\u010dkim dekanatima odlu\u010dili smo da u svim na\u0161im \u017eupama odga\u0111amo\nblagoslov obitelji do daljnjega zbog \u0161irenja zaraze Covidom19. <\/strong><\/li><\/ul>\n\n\n\n<ul class=\"wp-block-list\"><li><strong>6. sije\u010dnja slavimo Bogojavljenje. Svetkovina Bogojavljenja posve\u0107ena je Papinskom misijskom Djelu svetog Djetinjstva kojeg slavi cijela Crkva. To Djelo poma\u017ee oko izgradnje \u0161kola, siroti\u0161ta i bolnica diljem svijeta, sudjeluje u razli\u010ditim dje\u010djim duhovnim projektima po \u017eupama i poma\u017ee dje\u010dje pokrete i udruge u misijskim krajevima. Svoj dar mo\u017eete dati u \u0161krabicu na izlazu iz crkve gdje pi\u0161e za djecu u misijama, a i na Bogojavljenje \u0107emo prikupljati nov\u010dane priloge na tu nakanu. <\/strong><\/li><\/ul>\n\n\n\n<ul class=\"wp-block-list\"><li><strong>Molimo sve vas koji jo\u0161 nemate \u017eupnu obiteljsku knji\u017eicu ili je potrebno upisati promjene u postoje\u0107e, da se javite u \u017eupni ured. <\/strong><\/li><\/ul>\n\n\n\n<ul class=\"wp-block-list\"><li><strong>U sakristiji i \u017eupnom uredu mo\u017eete kupiti kalendare za sljede\u0107u gra\u0111ansku godinu. Kupujte i \u010ditajte katoli\u010dki vjerski tisak. <\/strong><\/li><\/ul>\n","protected":false},"excerpt":{"rendered":"<p>Slavimo Svetu Obitelj. Crkveni je god u na\u0161oj \u017dupi. Sutra slavimo Nevinu dje\u010dicu. Svete mise su u 7:30 i 18:30 sati. Redovite svete misa radnim danom su u 7:30 i u 18:30 sati. U \u010detvrtak je Stara godina. Jutarnja sveta misa je u 7:30 sati, a sveta misa zahvalnica za proteklu gra\u0111ansku godinu je u <a href=\"https:\/\/svetaobitelj.hr\/?p=1650\" class=\"more-link\">[&hellip;]<\/a><\/p>\n","protected":false},"author":2,"featured_media":0,"comment_status":"closed","ping_status":"open","sticky":false,"template":"","format":"standard","meta":{"footnotes":""},"categories":[3],"tags":[],"class_list":["entry","author-","post-1650","post","type-post","status-publish","format-standard","category-zupa"],"_links":{"self":[{"href":"https:\/\/svetaobitelj.hr\/index.php?rest_route=\/wp\/v2\/posts\/1650","targetHints":{"allow":["GET"]}}],"collection":[{"href":"https:\/\/svetaobitelj.hr\/index.php?rest_route=\/wp\/v2\/posts"}],"about":[{"href":"https:\/\/svetaobitelj.hr\/index.php?rest_route=\/wp\/v2\/types\/post"}],"author":[{"embeddable":true,"href":"https:\/\/svetaobitelj.hr\/index.php?rest_route=\/wp\/v2\/users\/2"}],"replies":[{"embeddable":true,"href":"https:\/\/svetaobitelj.hr\/index.php?rest_route=%2Fwp%2Fv2%2Fcomments&post=1650"}],"version-history":[{"count":1,"href":"https:\/\/svetaobitelj.hr\/index.php?rest_route=\/wp\/v2\/posts\/1650\/revisions"}],"predecessor-version":[{"id":1651,"href":"https:\/\/svetaobitelj.hr\/index.php?rest_route=\/wp\/v2\/posts\/1650\/revisions\/1651"}],"wp:attachment":[{"href":"https:\/\/svetaobitelj.hr\/index.php?rest_route=%2Fwp%2Fv2%2Fmedia&parent=1650"}],"wp:term":[{"taxonomy":"category","embeddable":true,"href":"https:\/\/svetaobitelj.hr\/index.php?rest_route=%2Fwp%2Fv2%2Fcategories&post=1650"},{"taxonomy":"post_tag","embeddable":true,"href":"https:\/\/svetaobitelj.hr\/index.php?rest_route=%2Fwp%2Fv2%2Ftags&post=1650"}],"curies":[{"name":"wp","href":"https:\/\/api.w.org\/{rel}","templated":true}]}}