{"id":1638,"date":"2020-12-19T13:48:56","date_gmt":"2020-12-19T12:48:56","guid":{"rendered":"http:\/\/svetaobitelj.hr\/?p=1638"},"modified":"2020-12-19T13:48:56","modified_gmt":"2020-12-19T12:48:56","slug":"zupne-obavijesti-4-nedjelja-dosasca-3","status":"publish","type":"post","link":"https:\/\/svetaobitelj.hr\/?p=1638","title":{"rendered":"\u017dupne obavijesti: 4. nedjelja do\u0161a\u0161\u0107a"},"content":{"rendered":"\n<ul class=\"wp-block-list\"><li>Danas slavimo \u010detvrtu nedjelju do\u0161a\u0161\u0107a. Zahvaljujemo svima vama koji ste ovoga do\u0161a\u0161\u0107a sudjelovali u akcijama pomo\u0107i potrebitima. Podsje\u0107amo one koji su kumovi djece u Beninu da uplate svoj dar. <\/li><li>Kroz vrijeme do\u0161a\u0161\u0107a imamo jutarnje svete mise u 6:00 i u 7:00 sati, a  ve\u010dernja je u 18:30 sati.<\/li><li>U \u010detvrtak je Badnjak. Jutarnje svete mise su u 6:00 i u 7:00 sati. Mise polno\u0107ke imat \u0107emo u 18:00, 19:30 i u 21:00 sat. \u010clanovi Udruge izvi\u0111a\u010da \u201eSlavonski hrast\u201c Osijek donijet \u0107e Betlehemsko svjetlo u 18:00 sati.<\/li><li>Na sam Bo\u017ei\u0107, 25. prosinca, svete mise imat \u0107emo u 7:00; 8:00, 9:00, 10:00; 11:00 17:30 i 18:30 sati, kao i na blagdan sv. Stjepana Prvomu\u010denika u subotu 26. prosinca.<\/li><li>Sljede\u0107e nedjelje slavimo Svetu Obitelj. Na\u0161 je crkveni god i svete mise bit \u0107e u 7:00; 8:00, 9:00, 10:00; 11:00 17:30 i 18:30 sati.<\/li><li>Obveza je i nadalje no\u0161enja maski za lice, pri\u010dest je na ruku, a uz  dezinfekciju ruku i fizi\u010dku distancu te u poslu\u0161nosti na\u0161im redarima,  nastavljamo \u017eivjeti odgovorno i u ovim uvjetima.<\/li><li>Nakon sastanka nas sve\u0107enika koji djelujemo u osje\u010dkim dekanatima odlu\u010dili smo da u svim na\u0161im \u017eupama odga\u0111amo blagoslov obitelji do<br>daljnjega zbog \u0161irenja zaraze Covidom19.<\/li><li>Molimo sve vas koji jo\u0161 nemate \u017eupnu obiteljsku knji\u017eicu ili je potrebno upisati promjene u postoje\u0107e, da se javite u \u017eupni ured.<\/li><li>Kupujte i \u010ditajte katoli\u010dki vjerski tisak. U sakristiji i \u017eupnom uredu mo\u017eete kupiti kalendare za 2021. godinu.<\/li><\/ul>\n","protected":false},"excerpt":{"rendered":"<p>Danas slavimo \u010detvrtu nedjelju do\u0161a\u0161\u0107a. Zahvaljujemo svima vama koji ste ovoga do\u0161a\u0161\u0107a sudjelovali u akcijama pomo\u0107i potrebitima. Podsje\u0107amo one koji su kumovi djece u Beninu da uplate svoj dar. Kroz vrijeme do\u0161a\u0161\u0107a imamo jutarnje svete mise u 6:00 i u 7:00 sati, a ve\u010dernja je u 18:30 sati. U \u010detvrtak je Badnjak. Jutarnje svete mise <a href=\"https:\/\/svetaobitelj.hr\/?p=1638\" class=\"more-link\">[&hellip;]<\/a><\/p>\n","protected":false},"author":2,"featured_media":0,"comment_status":"closed","ping_status":"open","sticky":false,"template":"","format":"standard","meta":{"footnotes":""},"categories":[3],"tags":[],"class_list":["entry","author-","post-1638","post","type-post","status-publish","format-standard","category-zupa"],"_links":{"self":[{"href":"https:\/\/svetaobitelj.hr\/index.php?rest_route=\/wp\/v2\/posts\/1638","targetHints":{"allow":["GET"]}}],"collection":[{"href":"https:\/\/svetaobitelj.hr\/index.php?rest_route=\/wp\/v2\/posts"}],"about":[{"href":"https:\/\/svetaobitelj.hr\/index.php?rest_route=\/wp\/v2\/types\/post"}],"author":[{"embeddable":true,"href":"https:\/\/svetaobitelj.hr\/index.php?rest_route=\/wp\/v2\/users\/2"}],"replies":[{"embeddable":true,"href":"https:\/\/svetaobitelj.hr\/index.php?rest_route=%2Fwp%2Fv2%2Fcomments&post=1638"}],"version-history":[{"count":3,"href":"https:\/\/svetaobitelj.hr\/index.php?rest_route=\/wp\/v2\/posts\/1638\/revisions"}],"predecessor-version":[{"id":1641,"href":"https:\/\/svetaobitelj.hr\/index.php?rest_route=\/wp\/v2\/posts\/1638\/revisions\/1641"}],"wp:attachment":[{"href":"https:\/\/svetaobitelj.hr\/index.php?rest_route=%2Fwp%2Fv2%2Fmedia&parent=1638"}],"wp:term":[{"taxonomy":"category","embeddable":true,"href":"https:\/\/svetaobitelj.hr\/index.php?rest_route=%2Fwp%2Fv2%2Fcategories&post=1638"},{"taxonomy":"post_tag","embeddable":true,"href":"https:\/\/svetaobitelj.hr\/index.php?rest_route=%2Fwp%2Fv2%2Ftags&post=1638"}],"curies":[{"name":"wp","href":"https:\/\/api.w.org\/{rel}","templated":true}]}}