{"id":1633,"date":"2020-12-12T11:26:45","date_gmt":"2020-12-12T10:26:45","guid":{"rendered":"http:\/\/svetaobitelj.hr\/?p=1633"},"modified":"2020-12-12T11:26:45","modified_gmt":"2020-12-12T10:26:45","slug":"zupne-obavijesti-3-nedjelja-dosasca-3","status":"publish","type":"post","link":"https:\/\/svetaobitelj.hr\/?p=1633","title":{"rendered":"\u017dupne obavijesti: 3. nedjelja do\u0161a\u0161\u0107a"},"content":{"rendered":"<ul>\n<li>Danas slavimo 3. nedjelju do\u0161a\u0161\u0107a. Nedjelja je Caritasa kada skupljamo nov\u010dana sredstva za potrebe Nacionalnog, Nadbiskupijskog i \u017dupnog Caritasa. Caritasove kutijice s va\u0161im nov\u010danim darom mo\u017eete dati u ko\u0161aru na ulazu u crkvu. Danas ne\u0107e biti susreta Mjesnoga Bratstva OFS-a. Podsje\u0107amo one koji su kumovi djece u Beninu da uplate svoj dar.<\/li>\n<li>Kroz vrijeme do\u0161a\u0161\u0107a pozvani smo na djelotvornu ljubav prema potrebitima u na\u0161oj \u017eupi kao i za potrebe Pu\u010dke kuhinje, Centra za besku\u0107nike i Centra za majku i dijete u Osijeku. Pomo\u0107i mo\u017eemo prikupljanjem \u017eive\u017enih namirnica, higijenskih potrep\u0161tina i nov\u010danim prilozima. Svoje darove mo\u017eete donijeti u \u017eupni ured do petka.<\/li>\n<li>Volonteri na\u0161ega \u017eupnog Caritasa pozivaju vas da sljede\u0107e nedjelje donesete kola\u010de za potrebe Pu\u010dke kuhinje. Tko \u017eeli na taj na\u010din pomo\u0107i neka danas uzme plasti\u010dnu kutiju za kola\u010de koje \u0107e vam dati volonteri na izlazu iz crkve.<\/li>\n<li>Sljede\u0107e nedjelje slavimo 4. nedjelju do\u0161a\u0161\u0107a.<\/li>\n<li>Zbog najnovijih mjera Civilnog sto\u017eera radi spre\u010davanja \u0161irenja zaraze koronavirusom kojih se trebamo pridr\u017eavati i u na\u0161oj \u017eupnoj crkvi nedjeljom su svete mise u 7:00; 8:00, 9:00, 10:00; 11:00 17:30 i 18:30 sati. Kroz vrijeme do\u0161a\u0161\u0107a imamo jutarnje svete mise od ponedjeljka do subote u 6:00 i u 7:00 sati, a ve\u010dernja je redovito u 18:30 sati. Obveza je i nadalje no\u0161enja maski za lice, pri\u010dest je na ruku, a uz dezinfekciju ruku i fizi\u010dku distancu te u poslu\u0161nosti na\u0161im redarima, nastavljamo \u017eivjeti odgovorno i u ovim uvjetima.<\/li>\n<li>Ispovijed bolesnika i starijih osoba u na\u0161oj \u017eupi koji ne mogu do\u0107i u crkvu bit \u0107e po ku\u0107ama ili stanovima u ponedjeljak, 21. prosinca, od 8:30 sati. Potrebno ih je prijaviti u \u017eupni ured. Ispovijedamo redovito svaki dan prije svetih misa u \u017eupnom uredu.<\/li>\n<li>Nakon sastanka nas sve\u0107enika koji djelujemo u osje\u010dkim dekanatima odlu\u010dili smo da u svim na\u0161im \u017eupama odga\u0111amo blagoslov obitelji do daljnjega zbog \u0161irenja zaraze Covidom19.<\/li>\n<li>Kupujte i \u010ditajte katoli\u010dki vjerski tisak. U sakristiji i \u017eupnom uredu mo\u017eete kupiti kalendare za 2021. godinu.<\/li>\n<\/ul>\n","protected":false},"excerpt":{"rendered":"<p>Danas slavimo 3. nedjelju do\u0161a\u0161\u0107a. Nedjelja je Caritasa kada skupljamo nov\u010dana sredstva za potrebe Nacionalnog, Nadbiskupijskog i \u017dupnog Caritasa. Caritasove kutijice s va\u0161im nov\u010danim darom mo\u017eete dati u ko\u0161aru na ulazu u crkvu. Danas ne\u0107e biti susreta Mjesnoga Bratstva OFS-a. Podsje\u0107amo one koji su kumovi djece u Beninu da uplate svoj dar. Kroz vrijeme do\u0161a\u0161\u0107a <a href=\"https:\/\/svetaobitelj.hr\/?p=1633\" class=\"more-link\">[&hellip;]<\/a><\/p>\n","protected":false},"author":2,"featured_media":0,"comment_status":"closed","ping_status":"open","sticky":false,"template":"","format":"standard","meta":{"footnotes":""},"categories":[3],"tags":[],"class_list":["entry","author-","post-1633","post","type-post","status-publish","format-standard","category-zupa"],"_links":{"self":[{"href":"https:\/\/svetaobitelj.hr\/index.php?rest_route=\/wp\/v2\/posts\/1633","targetHints":{"allow":["GET"]}}],"collection":[{"href":"https:\/\/svetaobitelj.hr\/index.php?rest_route=\/wp\/v2\/posts"}],"about":[{"href":"https:\/\/svetaobitelj.hr\/index.php?rest_route=\/wp\/v2\/types\/post"}],"author":[{"embeddable":true,"href":"https:\/\/svetaobitelj.hr\/index.php?rest_route=\/wp\/v2\/users\/2"}],"replies":[{"embeddable":true,"href":"https:\/\/svetaobitelj.hr\/index.php?rest_route=%2Fwp%2Fv2%2Fcomments&post=1633"}],"version-history":[{"count":4,"href":"https:\/\/svetaobitelj.hr\/index.php?rest_route=\/wp\/v2\/posts\/1633\/revisions"}],"predecessor-version":[{"id":1637,"href":"https:\/\/svetaobitelj.hr\/index.php?rest_route=\/wp\/v2\/posts\/1633\/revisions\/1637"}],"wp:attachment":[{"href":"https:\/\/svetaobitelj.hr\/index.php?rest_route=%2Fwp%2Fv2%2Fmedia&parent=1633"}],"wp:term":[{"taxonomy":"category","embeddable":true,"href":"https:\/\/svetaobitelj.hr\/index.php?rest_route=%2Fwp%2Fv2%2Fcategories&post=1633"},{"taxonomy":"post_tag","embeddable":true,"href":"https:\/\/svetaobitelj.hr\/index.php?rest_route=%2Fwp%2Fv2%2Ftags&post=1633"}],"curies":[{"name":"wp","href":"https:\/\/api.w.org\/{rel}","templated":true}]}}