{"id":1630,"date":"2020-12-05T10:49:20","date_gmt":"2020-12-05T09:49:20","guid":{"rendered":"http:\/\/svetaobitelj.hr\/?p=1630"},"modified":"2020-12-19T13:49:29","modified_gmt":"2020-12-19T12:49:29","slug":"zupne-obavijesti2-nedjelja-dosasca","status":"publish","type":"post","link":"https:\/\/svetaobitelj.hr\/?p=1630","title":{"rendered":"\u017dupne obavijesti: 2. nedjelja do\u0161a\u0161\u0107a"},"content":{"rendered":"\n<ul class=\"wp-block-list\"><li><strong>Danas slavimo 2. nedjelju do\u0161a\u0161\u0107a. Prva je nedjelja u mjesecu kada se svojim molitvama i nov\u010danim prilozima sje\u0107amo na\u0161ih sjemeni\u0161ta te molimo za duhovna zvanja. Kroz vrijeme do\u0161a\u0161\u0107a pozvani smo na djelotvornu ljubav prema potrebitima u na\u0161oj \u017eupi kao i za potrebe Pu\u010dke kuhinje, Centra za besku\u0107nike i Centra za majku i dijete u Osijeku. Pomo\u0107i mo\u017eemo prikupljanjem \u017eive\u017enih namirnica, higijenskih potrep\u0161tina i nov\u010danim prilozima. Svoje darove mo\u017eete donijeti u \u017eupni ured.<\/strong><\/li><\/ul>\n\n\n\n<ul class=\"wp-block-list\"><li><strong>U utorak slavimo Bezgre\u0161no Za\u010de\u0107e\nBla\u017eene Djevice Marije. Svete mise su u 6:00, 7:00 i 18:30 sati.<\/strong><\/li><\/ul>\n\n\n\n<ul class=\"wp-block-list\"><li><strong>Sljede\u0107e nedjelje slavimo 3.\nnedjelju do\u0161a\u0161\u0107a, a ujedno je <\/strong><strong>Nedjelja Caritasa kada\nskupljamo nov\u010dana sredstva za potrebe Nacionalnog, Nadbiskupijskog i \u017dupnog\nCaritasa. Mo\u017eete donijeti caritasove kutijice s va\u0161im nov\u010danim darom sljede\u0107e\nnedjelje. Ne\u0107e biti redovitog susreta Mjesnoga Bratstva OFS-a. Podsje\u0107amo one\nkoji su kumovi djece u Beninu da uplate svoj dar.<\/strong><strong><\/strong><\/li><\/ul>\n\n\n\n<ul class=\"wp-block-list\"><li><strong>Zbog najnovijih mjera Civilnog\nsto\u017eera radi spre\u010davanja \u0161irenja zaraze koronavirusom kojih se trebamo\npridr\u017eavati i u na\u0161oj \u017eupnoj crkvi nedjeljom su svete mise u 7:00; 8:00, 9:00,\n10:00; 11:00 17:30 i 18:30 sati. Kroz vrijeme do\u0161a\u0161\u0107a imamo jutarnje svete mise\nod ponedjeljka do subote u 6:00 i u 7:00 sati, a ve\u010dernja je redovito u 18:30\nsati. Obveza je i nadalje no\u0161enja maski za lice, pri\u010dest je na ruku, a uz\ndezinfekciju ruku i fizi\u010dku distancu te u poslu\u0161nosti na\u0161im redarima,\nnastavljamo \u017eivjeti odgovorno i u ovim uvjetima.<\/strong><\/li><\/ul>\n\n\n\n<ul class=\"wp-block-list\"><li><strong>Ispovijed studenata bit \u0107e u\nKonkatedrali 15. prosinca ove godine s po\u010detkom u 19:30 sati. Ispovijed&nbsp; bolesnika i starijih osoba u na\u0161oj \u017eupi koji\nne mogu do\u0107i u crkvu bit \u0107e po ku\u0107ama ili stanovima u ponedjeljak, 21. prosinca,\nod 8:30 sati. Potrebno ih je prijaviti u \u017eupni ured. Jasno da sve ovisi o\nmjerama koje nam nala\u017eu odgovorni u Civilnom sto\u017eeru. Ostalima preporu\u010damo da\nse ranije ispovjedite jer ne\u0107emo imati tzv. veliku ispovijed. Ispovijedamo\nsvaki dan prije svetih misa u \u017eupnom uredu.<\/strong><\/li><\/ul>\n\n\n\n<ul class=\"wp-block-list\"><li><strong>Molimo sve one koji su se doselili\nu na\u0161u \u017eupu, promijenili adresu stanovanja, kao i sve one koji do sada nisu\nprimali blagoslov obitelji, a \u017eele ga primiti, neka se jave u \u017eupni ured.\nTako\u0111er molimo i sve vas koji jo\u0161 nemate \u017eupnu knji\u017eicu ili je potrebno upisati\npromjene u postoje\u0107e, da se javite u \u017eupni ured. <\/strong><\/li><\/ul>\n\n\n\n<ul class=\"wp-block-list\"><li><strong>Na oglasnoj plo\u010di imate najave\ndoga\u0111aja u prosincu u organizaciji Instituta za novu evangelizaciju \u201eSv. Ivan\nPavao II\u201c.<\/strong><\/li><\/ul>\n\n\n\n<ul class=\"wp-block-list\"><li><strong>Kupujte i \u010ditajte katoli\u010dki\nvjerski tisak. U sakristiji i \u017eupnom uredu mo\u017eete kupiti kalendare za 2021.\ngodinu.<\/strong><\/li><\/ul>\n","protected":false},"excerpt":{"rendered":"<p>Danas slavimo 2. nedjelju do\u0161a\u0161\u0107a. Prva je nedjelja u mjesecu kada se svojim molitvama i nov\u010danim prilozima sje\u0107amo na\u0161ih sjemeni\u0161ta te molimo za duhovna zvanja. Kroz vrijeme do\u0161a\u0161\u0107a pozvani smo na djelotvornu ljubav prema potrebitima u na\u0161oj \u017eupi kao i za potrebe Pu\u010dke kuhinje, Centra za besku\u0107nike i Centra za majku i dijete u Osijeku. <a href=\"https:\/\/svetaobitelj.hr\/?p=1630\" class=\"more-link\">[&hellip;]<\/a><\/p>\n","protected":false},"author":2,"featured_media":0,"comment_status":"closed","ping_status":"open","sticky":false,"template":"","format":"standard","meta":{"footnotes":""},"categories":[3],"tags":[],"class_list":["entry","author-","post-1630","post","type-post","status-publish","format-standard","category-zupa"],"_links":{"self":[{"href":"https:\/\/svetaobitelj.hr\/index.php?rest_route=\/wp\/v2\/posts\/1630","targetHints":{"allow":["GET"]}}],"collection":[{"href":"https:\/\/svetaobitelj.hr\/index.php?rest_route=\/wp\/v2\/posts"}],"about":[{"href":"https:\/\/svetaobitelj.hr\/index.php?rest_route=\/wp\/v2\/types\/post"}],"author":[{"embeddable":true,"href":"https:\/\/svetaobitelj.hr\/index.php?rest_route=\/wp\/v2\/users\/2"}],"replies":[{"embeddable":true,"href":"https:\/\/svetaobitelj.hr\/index.php?rest_route=%2Fwp%2Fv2%2Fcomments&post=1630"}],"version-history":[{"count":4,"href":"https:\/\/svetaobitelj.hr\/index.php?rest_route=\/wp\/v2\/posts\/1630\/revisions"}],"predecessor-version":[{"id":1644,"href":"https:\/\/svetaobitelj.hr\/index.php?rest_route=\/wp\/v2\/posts\/1630\/revisions\/1644"}],"wp:attachment":[{"href":"https:\/\/svetaobitelj.hr\/index.php?rest_route=%2Fwp%2Fv2%2Fmedia&parent=1630"}],"wp:term":[{"taxonomy":"category","embeddable":true,"href":"https:\/\/svetaobitelj.hr\/index.php?rest_route=%2Fwp%2Fv2%2Fcategories&post=1630"},{"taxonomy":"post_tag","embeddable":true,"href":"https:\/\/svetaobitelj.hr\/index.php?rest_route=%2Fwp%2Fv2%2Ftags&post=1630"}],"curies":[{"name":"wp","href":"https:\/\/api.w.org\/{rel}","templated":true}]}}