{"id":1623,"date":"2020-11-28T16:36:44","date_gmt":"2020-11-28T15:36:44","guid":{"rendered":"http:\/\/svetaobitelj.hr\/?p=1623"},"modified":"2020-11-29T15:50:50","modified_gmt":"2020-11-29T14:50:50","slug":"pismo-o-liturgijsko-molitvenim-slavljima-i-okupljanjima-vjernika-u-dakovacko-osjeckoj-nadbiskupiji-u-dosascu-i-u-bozicnom-vremenu","status":"publish","type":"post","link":"https:\/\/svetaobitelj.hr\/?p=1623","title":{"rendered":"Pismo o liturgijsko-molitvenim slavljima i okupljanjima vjernika u  \u0110akova\u010dko-osje\u010dkoj nadbiskupiji u Do\u0161a\u0161\u0107u i u Bo\u017ei\u0107nom vremenu"},"content":{"rendered":"\n<p>Draga bra\u0107o sve\u0107enici i redovnici!&nbsp;<\/p>\n\n\n\n<p>\u017delim se pribli\u017eiti svakome od Vas ponaosob te Vam o\u010ditovati svoju duhovnu i molitvenu blizinu u ovim danima kad na osobit na\u010din osje\u0107amo \u0161to sve obuhva\u0107a i zna\u010di biti pastir u razdoblju izme\u0111u \u201eve\u0107 i jo\u0161 ne\u201c.&nbsp;<\/p>\n\n\n\n<p><strong><em>Radosni u nadi<\/em><\/strong><strong><em>, <\/em><\/strong><strong><em>pos<\/em><\/strong><strong><em>toj<\/em><\/strong><strong><em>ani u nevolji, ustra<\/em><\/strong><strong><em>jni <\/em><\/strong><strong><em>u molitvi&nbsp;<\/em><\/strong><\/p>\n\n\n\n<p>Suo\u010davamo se sa sna\u017enim ograni\u010denjima u svakodnevnom \u017eivotu i sve\u0107eni\u010dkoj slu\u017ebi, sa zabrinjavaju\u0107im u\u010dincima na osobnoj, socijalnoj, psihi\u010dkoj, gospodarskoj i crkvenoj razini. \u0160irenje korona virusa oblikuje na\u0161u svakodnevicu, a smjernice odgovornih odre\u0111uju na\u0161 konkretni \u017eivot. Iza anonimnog i hladnog broja infekcija i smrtnih slu\u010dajeva sve \u010de\u0161\u0107e izranjaju dobro nam poznata imena i lica dragih nam osoba. A i nas same, zajedno s vjernicima i drugim gra\u0111anima, \u201epoha\u0111a\u201c virus zaraze, \u0161to se vidi i u \u010dinjenici da se samo u tjedan dana opra\u0161tamo \u010dak od \u010detvorice bra\u0107e sve\u0107enika iz redova na\u0161ega prezbiterija.&nbsp;<\/p>\n\n\n\n<p>No, rije\u010d nas Bo\u017eja ohrabruje te zajedno s apostolom Pavlom i mi pozivamo: \u201eU revnosti hitri, u duhu gorljivi, Gospodinu slu\u017eite! U nadi budite radosni, u nevolji strpljivi, u molitvi postojani\u201c <em>(Rim <\/em>12,11-12). Pozivam Vas da u svemu \u0161to se doga\u0111a oko nas i s nama samima ostanemo pribrani i razboriti, ukorijenjeni u vjeri i utemeljeni na rije\u010di Bo\u017ejoj (usp. <em>Mt <\/em>13,18 23), da snagom vjere u\u010dimo reagirati mirno i kreposno. Ne smijemo ignorirati opasnost zaraze, zanemarivati mjere prevencije i za\u0161tite te se pona\u0161ati kao da nje nema. No, ne smijemo niti dopustiti da nas obuzme panika i strah. Gospodin je \u201epomo\u0107 i za\u0161tita na\u0161a\u201c (usp. <em>P<\/em>s 33,20). On je \u201ehrid uto\u010di\u0161ta i \u010dvrsta utvrda spasenja\u201c (usp. <em>P<\/em>s 71,3). U skladu s petom Bo\u017ejom zapovijedi \u017eelimo voditi brigu o vlastitom zdravlju te \u0161tititi zdravlje svojih bli\u017enjih. No, briga za zdravlje nam ne mo\u017ee i ne smije oduzeti pastirsku ljubav i zanos. Uostalom, za nas kr\u0161\u0107ane nije bolest najve\u0107e zlo, nego je to grijeh. Pozvani smo biti odgovorni i po\u0161tovati preporuke HZJZ, ali ne mo\u017eemo si dopustiti da nas zahvate malodu\u0161nost i strah, koji blokira i zatvara te nas vodi u depresiju. Naime, mi smo pastiri stada, koji svakodnevno molimo psalme i ponavljamo: Gospodin je \u201eljubav moja i tvr\u0111ava moja, za\u0161tita moja, izbavitelj moj, \u0161tit moj za koji se sklanjam\u201c <em>(P<\/em>s 144,2). Sv. Pavao nas zato poziva: \u201ePo milosti koja nam je dana, tko je predstojnik &#8211; (neka bude) revan, tko iskazuje milosr\u0111e &#8211; radostan!&#8221; <em>(<\/em><em>Rim <\/em>12,6.8)&nbsp;<\/p>\n\n\n\n<p><em><strong>Ne dokidati, nego prilagoditi okolnostima\u00a0<\/strong><\/em><\/p>\n\n\n\n<p>Duhovna dimenzija je jedna od bitnih sastavnica na\u0161eg ljudskog bi\u0107a. Veoma je va\u017eno da mi kao pastiri vjernicima &#8211; uz obdr\u017eavanje mjera prevencije i za\u0161tite &#8211; omogu\u0107imo i zajedni\u010dki\u00a0 vjerni\u010dki te molitveni \u017eivot: sudjelovanje na svetoj misi i pobo\u017enosti, primanje sakramenata, katehetski rast. Na na\u0161oj posljednjoj skup\u0161tini, mi biskupi \u0110akova\u010dko-osje\u010dke crkvene pokrajine zauzeli smo stav: \u201eni\u0161ta ne dokidati, nego prilagoditi okolnostima\u201c. Tim na\u010delom i u sada\u0161njim okolnostima opasnosti za zdravlje \u017eelimo sna\u017eno naglasiti va\u017enost duhovnoga iskustva, koje mi kr\u0161\u0107ani primamo slavljem euharistije i sudjelovanjem u bogoslu\u017ejima, a istodobno, sasvim konkretno, poduzimamo korake brige za zdravlje svakoga \u010dovjeka, u sada\u0161njim okolnostima napose u brizi za starije.\u00a0 <\/p>\n\n\n\n<p>Zapo\u010dinjemo do\u0161a\u0161\u0107e, vrijeme u kojemu si posvje\u0161\u0107ujemo da \u017eivimo izme\u0111u prvog i onog kona\u010dnog Kristovog dolaska. Liturgija rije\u010di nas je proteklih nedjelja pozivala zato na budnost i spremnost u o\u010dekivanju Kristova dolaska. Do\u0161a\u0161\u0107e je vrijeme intenzivnijeg liturgijskog i molitvenog \u017eivota. To je vrijeme zornica, tako lijepo prihva\u0107enih i va\u017enih na\u0161im \u017eupljanima. I na\u0161i bolesni \u017eupljani o\u010dekuju da ih pohodimo u ove dane. Vjernici nisu imali mogu\u0107nost pristupiti sakramentu pomirenja za Uskrs i zato je potrebno da im budemo na raspolaganju sada pred Bo\u017ei\u0107.&nbsp;<\/p>\n\n\n\n<p>U na\u0161im krajevima vrijeme poslije Bo\u017ei\u0107a ujedno je i uobi\u010dajeno vrijeme pastoralnog pohoda sve\u0107enika obiteljima te zajedni\u010dke molitve i blagoslova njih i njihovih domova.&nbsp;<\/p>\n\n\n\n<p><em><strong>Zornice, nedjeljna i druga liturgijska slavlja\u00a0<\/strong><\/em><\/p>\n\n\n\n<p>Svi primje\u0107ujete da se, zbog epidemiolo\u0161kih mjera za\u0161tite i prevencije te zbog rastu\u0107eg broja zara\u017eenih, broj vjernika na nedjeljnim euharistijskim slavljima ve\u0107 uvelike reducirao. Najnovije stro\u017ee mjere \u0107e dodatno tome pridonijeti.&nbsp;<\/p>\n\n\n\n<p>Potrebno je (ponovno) ozna\u010diti sjede\u0107a i staja\u0107a mjesta u na\u0161im crkvama. Po\u017eeljno je postaviti i vanjski razglas oko crkve. Dezinfekcijska sredstva neka budu postavljena na vi\u0161e mjesta. Zajedno sa suradnicima vodimo ra\u010duna o \u010destom provjetravanju te o dezinfekciji prostora, kvaka, rukohvata i sl. Masku za lice trenutno je, prema va\u017ee\u0107im uputama, obvezatna za sve koji su nazo\u010dni i sudjeluju u liturgijskim slavljima. Zajedno sa svim ostalima, koristimo ju i mi sve\u0107enici, posebno ukoliko ne postoji predvi\u0111ena fizi\u010dka distanca izme\u0111u ambona ili oltara i vjernika koji su pred nama. Neka nam ne bude te\u0161ko, ukoliko primijetimo da je to potrebno, podsjetiti vjernike na obvezu kori\u0161tenja maske, na po\u0161tivanje predvi\u0111ene fizi\u010dke udaljenosti i dr. U svim koracima oko prilagodbe prostora i organizacije bogoslu\u017eja sa\u010duvajmo duh blagosti i razboritosti. No, ne trebamo se anga\u017eirati oko zabrane ulaska vjernicima u crkvu i tako stvarati napetosti, nego se radije potrudimo oko postavljanja vanjskog razglasa, ure\u0111enja i pro\u0161irenja prostora za stajanje vjernika oko crkve i sl.&nbsp;<\/p>\n\n\n\n<p>Mo\u017eemo redovito slaviti mise zornice. Aktualna situacija je trenutno takva da ne mo\u017eemo pozivati djecu, roditelje i druge vjernike da u \u0161to ve\u0107em broju sudjeluju na zornicama.&nbsp;<\/p>\n\n\n\n<p>U \u017eupama i u redovni\u010dkim crkvama u kojima ima vi\u0161e sve\u0107enika, ukoliko radi velikog broja sudionika postoji stvarna potreba za redukcijom broja prisutnih vjernika, mogu se organizirati i dvije zornice, po\u0161tuju\u0107i vremenski razmak izme\u0111u dviju sv. misa. Stoga, zbog sada\u0161njih\u00a0izvanrednih prilika \u017eupnicima, \u017eupnim vikarima i drugim sve\u0107enicima koji pastoralno djeluju \u017eupama dajem ovlast da u svagdane do\u0161a\u0161\u0107a slave jo\u0161 jednu misu.\u00a0<\/p>\n\n\n\n<p>Izostat \u0107e dru\u017eenja poslije zornica, druga\u010dije \u0107e se trebati organizirati dosada\u0161nje \u201enagra\u0111ivanje\u201c djece &#8211; najrevnijih sudionika na zornicama i sl., ali ne\u0107e i ne smije izostati solidarnost i bratsko zajedni\u0161tvo.&nbsp;<\/p>\n\n\n\n<p><em><strong>Pohod bolesnicima i bo\u017ei\u0107ne ispovijedi\u00a0<\/strong><\/em><\/p>\n\n\n\n<p>Potrebno je u njihovom domu posjetiti sve bolesnike koji \u017eele primiti sakramente, a ne mogu do\u0107i u crkvu. Bolesnik, sve\u0107enik i \u010dlanovi obitelji neka koriste masku za lice. Tom prigodom se mo\u017ee, na temelju dogovora, tako\u0111er blagosloviti i obiteljski dom. Mo\u017ee se \u010dak ispovjediti i \u010dlanove obitelji bolesnika koji to \u017eele.&nbsp;<\/p>\n\n\n\n<p>Sve sve\u0107enike molimo da vjernicima na raspolaganju za sv. ispovijed budu svakodnevno prije i poslije zornica. Po\u017eeljno je da se ne ispovijeda u ispovjedaonici, nego u sakristiji, u vjeronau\u010dnoj dvorani ili u nekoj drugoj prostoriji, u kojoj je mogu\u0107e po\u0161tovanje fizi\u010dkoga rastojanja i lak\u0161e \u010desto provjetravanje. Mogu\u0107e je nabaviti te na prikladan na\u010din postaviti prozirne plasti\u010dne barijere te tako za\u0161tititi vlastito zdravlje te zdravlje penitenata.&nbsp;<\/p>\n\n\n\n<p>Kako bi se predusrelo \u010dekanje u redovima prigodom tzv. \u201evelikih ispovijedi\u201c i istodobno odgajalo za kvalitetan pristup sakramentu pomirenja, po\u017eeljno je organizirati pokorni\u010dko slavlje i pojedina\u010dnu ispovijed s pojedinim skupinama djece, mladih ili drugih vjernika.&nbsp;<\/p>\n\n\n\n<p>Neka se unaprijed unutar svih dekanata dogovori raspored \u017eupa, termina i sve\u0107enika za tzv.\u00a0velike ispovijedi i  neka se predvidi dovoljno mogu\u0107nosti i vremena kako bi svi vjernici koji \u017eele mogli pristupiti sakramentu pomirenja.\u00a0 <\/p>\n\n\n\n<p><strong><em>Prilago\u0111eni raspored <\/em><\/strong><strong><em>i <\/em><\/strong><strong><em>vr<\/em><\/strong><strong><em>ij<\/em><\/strong><strong><em>eme blagoslova obite<\/em><\/strong><strong><em>lji&nbsp;<\/em><\/strong><\/p>\n\n\n\n<p>U skladu s na\u010delom \u201eni\u0161ta ne dokidati, nego prilagoditi okolnostima\u201c, pohodit \u0107emo domove i blagosloviti obitelji na\u0161ih \u017eupljana. Ove godine se ne\u0107e mo\u0107i dr\u017eati dosada\u0161njih uobi\u010dajenih rasporeda i termina blagoslova, nego se pohod mo\u017ee obaviti i u du\u017eem vremenskom periodu, tijekom prvih mjeseci sljede\u0107e godine. Budu\u0107i da je trenutna epidemiolo\u0161ka slika veoma nepovoljna i da su do 21. prosinca na snazi nove stroge mjere za\u0161tite, s blagoslovom ne\u0107emo zapo\u010dinjati ve\u0107 u do\u0161a\u0161\u0107u. Razboritosti \u017eupnika prepu\u0161tamo da oni, n \u010dlanovima svojih \u017eupnih pastoralnih vije\u0107a, naprave najoptimalniji raspored blagoslova obitelji i njihovih domova u svojoj \u017eupnoj zajednici. Istodobno je potrebno pozvati vjernike na fleksibilnost te na razumijevanje za mogu\u0107a odstupanja od predvi\u0111enog rasporeda i termina blagoslova (zbog bolesti sve\u0107enika ili nekog drugog razloga). Svakako da to tako\u0111er zahtijeva dobro i pravovremeno informiranje vjernika i o predvi\u0111enom rasporedu te o eventualnim odstupanjima od predvi\u0111enog rasporeda.&nbsp;<\/p>\n\n\n\n<p>Po\u017eeljno je da u skladu s predvi\u0111enim rasporedom netko od \u017eupnih suradnika koji dan ranije obi\u0111e ili telefonom nazove obitelji u ulici predvi\u0111enoj za blagoslov te najavi mogu\u0107nost blagoslova obitelji. S razumijevanjem valja prihvatiti eventualnu odgodu blagoslova pojedinih obitelji (zbog izolacije, samoizolacije \u010dlanova njihove obitelji ili jednostavno zbog straha starijih ili bolesnih \u017eupljana) te s njima dogovoriti i zabilje\u017eiti neki drugi termin blagoslova obitelji.&nbsp;<\/p>\n\n\n\n<p>Prilikom obilaska obitelji potrebno je da sve\u0107enik vodi ra\u010duna o svom zdravlju te o zdravlju svojih \u017eupljana. Ne treba obilaziti \u017eupljane sasvim sam, ali neka sa sobom povede reducirani broj ministranata i\/li drugih suradnika. I sve\u0107enik i \u017eupljani neka i u toj prigodi po\u0161tuju sve epidemiolo\u0161ke mjere prevencije i za\u0161tite svoga i tu\u0111eg zdravlja.&nbsp;<\/p>\n\n\n\n<p>U ovim aktualnim okolnostima postoji realna mogu\u0107nost da se, i uz po\u0161tovanje svih epidemiolo\u0161kih mjera, zarazi i netko od nas sve\u0107enika. No, zbog toga ne mo\u017eemo odustati od svoje pastirske slu\u017ebe. \u0160tovi\u0161e svojim savjesnim pristupom, odgovorno\u0161\u0107u i revno\u0161\u0107u trebamo i mo\u017eemo biti podr\u0161ka zdravstvenom osoblju i tolikim drugim na\u0161im \u017eupljanima koji su tako\u0111er izlo\u017eeni opasnosti zaraze na svojim radnim mjestima.&nbsp;<\/p>\n\n\n\n<p><em><strong>\u017dupna kateheza i priprava na sakramente<\/strong>\u00a0<\/em><\/p>\n\n\n\n<p>\u017dupna kateheza za djecu i mlade se tako\u0111er mora prilago\u0111avati postoje\u0107im okolnostima. Svakako da treba nastaviti s katehetskim djelovanjem, no u skladu s epidemiolo\u0161kim mjerama i na\u010dinima rada koje provode \u0161kole na doti\u010dnom podru\u010dju.&nbsp;<\/p>\n\n\n\n<p>Aktualna situacija nam pokazuje i na\u0161e slabosti te nas poziva na dodatni anga\u017eman u njihovu nadila\u017eenju, na va\u017enost trajne stru\u010dne katehetske, metodi\u010dke i informati\u010dke edukacije nas sve\u0107enika i na\u0161ih \u017eupnih suradnika te na dodatni trud u podizanju kvalitete i standarda na\u0161eg katehetskog djelovanja.&nbsp;<\/p>\n\n\n\n<p>Zahvaljujem onima koji su ve\u0107 pokazali velik trud i kreativnost u svojoj navjestiteljskoj i katehetskoj slu\u017ebi te svojim iskustvima i plodovima svoga rada ve\u0107 uvelike poma\u017eu ostalima i ohrabruju ih da budu odva\u017eni te da se ne boje novih mogu\u0107nosti i iskoraka u svom djelovanju.&nbsp;<\/p>\n\n\n\n<p>Draga bra\u0107o sve\u0107enici i redovnici, svima zahvaljujem za dosada\u0161nju revnost i trud te za kr\u0161\u0107anske stavove i otvorenost pred onim \u0161to nas o\u010dekuje. Istodobno Vam svima \u017eelim milosne i blagoslovljene dane, zdravlje i iskustvo blizine Onoga koji nam dolazi ususret.&nbsp;<br><\/p>\n","protected":false},"excerpt":{"rendered":"<p>Draga bra\u0107o sve\u0107enici i redovnici!&nbsp; \u017delim se pribli\u017eiti svakome od Vas ponaosob te Vam o\u010ditovati svoju duhovnu i molitvenu blizinu u ovim danima kad na osobit na\u010din osje\u0107amo \u0161to sve obuhva\u0107a i zna\u010di biti pastir u razdoblju izme\u0111u \u201eve\u0107 i jo\u0161 ne\u201c.&nbsp; Radosni u nadi, postojani u nevolji, ustrajni u molitvi&nbsp; Suo\u010davamo se sa sna\u017enim <a href=\"https:\/\/svetaobitelj.hr\/?p=1623\" class=\"more-link\">[&hellip;]<\/a><\/p>\n","protected":false},"author":2,"featured_media":0,"comment_status":"closed","ping_status":"open","sticky":false,"template":"","format":"standard","meta":{"footnotes":""},"categories":[3],"tags":[],"class_list":["entry","author-","post-1623","post","type-post","status-publish","format-standard","category-zupa"],"_links":{"self":[{"href":"https:\/\/svetaobitelj.hr\/index.php?rest_route=\/wp\/v2\/posts\/1623","targetHints":{"allow":["GET"]}}],"collection":[{"href":"https:\/\/svetaobitelj.hr\/index.php?rest_route=\/wp\/v2\/posts"}],"about":[{"href":"https:\/\/svetaobitelj.hr\/index.php?rest_route=\/wp\/v2\/types\/post"}],"author":[{"embeddable":true,"href":"https:\/\/svetaobitelj.hr\/index.php?rest_route=\/wp\/v2\/users\/2"}],"replies":[{"embeddable":true,"href":"https:\/\/svetaobitelj.hr\/index.php?rest_route=%2Fwp%2Fv2%2Fcomments&post=1623"}],"version-history":[{"count":2,"href":"https:\/\/svetaobitelj.hr\/index.php?rest_route=\/wp\/v2\/posts\/1623\/revisions"}],"predecessor-version":[{"id":1625,"href":"https:\/\/svetaobitelj.hr\/index.php?rest_route=\/wp\/v2\/posts\/1623\/revisions\/1625"}],"wp:attachment":[{"href":"https:\/\/svetaobitelj.hr\/index.php?rest_route=%2Fwp%2Fv2%2Fmedia&parent=1623"}],"wp:term":[{"taxonomy":"category","embeddable":true,"href":"https:\/\/svetaobitelj.hr\/index.php?rest_route=%2Fwp%2Fv2%2Fcategories&post=1623"},{"taxonomy":"post_tag","embeddable":true,"href":"https:\/\/svetaobitelj.hr\/index.php?rest_route=%2Fwp%2Fv2%2Ftags&post=1623"}],"curies":[{"name":"wp","href":"https:\/\/api.w.org\/{rel}","templated":true}]}}