{"id":1616,"date":"2020-11-28T13:42:10","date_gmt":"2020-11-28T12:42:10","guid":{"rendered":"http:\/\/svetaobitelj.hr\/?p=1616"},"modified":"2020-11-28T13:42:11","modified_gmt":"2020-11-28T12:42:11","slug":"zupne-obavijesti-1-nedjelja-dosasca-3","status":"publish","type":"post","link":"https:\/\/svetaobitelj.hr\/?p=1616","title":{"rendered":"\u017dupne obavijesti: 1. nedjelja do\u0161a\u0161\u0107a"},"content":{"rendered":"<ul>\n<li>Danas slavimo 1. nedjelju do\u0161a\u0161\u0107a kojom zapo\u010dinje nova liturgijska ili crkvena godina, a u na\u0161oj \u017eupi zavr\u0161ava akcija pomo\u0107i radu Pu\u010dke kuhinje u Osijeku skupljanjem konzervi (pa\u0161tete, mesni naresci, ribe u konzervi). Zahvaljujemo svima koji ste se uklju\u010dili u ovu akciju.<\/li>\n<li>Zbog najnovijih mjera Civilnog sto\u017eera radi spre\u010davanja \u0161irenja zaraze koronavirusom kojih se trebamo pridr\u017eavati i u na\u0161oj \u017eupnoj crkvi odre\u0111ujemo da \u0107e biti nedjeljom vi\u0161e svetih misa pa vas molimo za razumijevanje jer je ograni\u010den broj vjernika koji smiju biti na misama.<br \/>\nSvete mise \u0107e biti nedjeljom u 7:00; 8:00, 9:00, 10:00; 11:00 17:30 i 18:30<br \/>\nsati. Isto tako \u0107emo kroz vrijeme do\u0161a\u0161\u0107a imati jutarnje svete mise zornice od ponedjeljka do subote u 6:00 i u 7:00 sati, a ve\u010dernja je redovito u 18:30 sati. Obveza je i nadalje no\u0161enja maski za lice u zatvorenom prostoru, pri\u010dest je na ruku, a uz dezinfekciju ruku i fizi\u010dku distancu te u poslu\u0161nosti na\u0161im redarima, nastavljamo \u017eivjeti odgovorno i u ovim uvjetima.<\/li>\n<li>Sutra je redoviti sastanak \u010dlanova \u017eupnih vije\u0107a u 19:30 sati. Odlukom na\u0161ega nad-biskupa \u0110ure Hrani\u0107a produljen je mandat \u010dlanovima \u017eupnih ekonomskih vije\u0107a u svim \u017eupama Nadbiskupije do daljnjega, odnosno do opoziva.<\/li>\n<li>Ovaj tjedan su prvi petak i subota u mjesecu. Sljede\u0107e nedjelje slavimo drugu nedjelju do\u0161a\u0161\u0107a, a ujedno je i prva nedjelja u mjesecu kada se svojim molitvama i nov\u010danim prilozima sje\u0107amo na\u0161ih sjemeni\u0161ta te molimo za duhovna zvanja.<\/li>\n<li>Kroz vrijeme do\u0161a\u0161\u0107a pozvani smo na djelotvornu ljubav prema potrebitima u na\u0161oj \u017eupi kao i potrebe Pu\u010dke kuhinje, Centra za besku\u0107nike i Centra za majku i dijete u Osijeku. Pomo\u0107i mo\u017eemo prikupljanjem \u017eive\u017enih namirnica, higijenskih potrep\u0161tina i nov\u010danim prilozima. Svoje darove mo\u017eete donijeti u \u017eupni ured. Mo\u017eete uzeti prigodne caritasove kutijice te u njih stavljati dar svoga odricanja u do\u0161a\u0161\u0107u i sve to donijeti u crkvu tre\u0107e nedjelje do\u0161a\u0161\u0107a kada je Nedjelja Caritasa.<\/li>\n<li>Ispovijed bolesnika i starijih osoba koji ne mogu do\u0107i u crkvu bit \u0107e po ku\u0107ama ili stanovima u ponedjeljak, 21. prosinca, od 8:30 sati. Potrebno ih je prijaviti u \u017eupni ured. Jasno da sve ovisi o mjerama koje nam nala\u017eu odgovorni u Civilnom sto\u017eeru. Preporu\u010damo da se ranije ispovjedite jer ne znamo ho\u0107e li biti mogu\u0107nosti imati tzv. veliku ispovijed. Mi ispovijedamo svaki dan prije svetih misa u \u017eupnom uredu.<\/li>\n<li>Molimo sve one koji su se doselili u na\u0161u \u017eupu, promijenili adresu stanovanja, kao i sve one koji do sada nisu primali blagoslov obitelji, a \u017eele ga primiti, neka se jave u \u017eupni ured. Tako\u0111er molimo i sve vas koji jo\u0161 nemate \u017eupnu knji\u017eicu ili je potrebno upisati promjene u postoje\u0107e, da se javite u \u017eupni ured.<\/li>\n<li>Kupujte i \u010ditajte katoli\u010dki vjerski tisak. U sakristiji i \u017eupnom uredu mo\u017eete kupiti kalendare za 2021. godinu.<\/li>\n<\/ul>\n","protected":false},"excerpt":{"rendered":"<p>Danas slavimo 1. nedjelju do\u0161a\u0161\u0107a kojom zapo\u010dinje nova liturgijska ili crkvena godina, a u na\u0161oj \u017eupi zavr\u0161ava akcija pomo\u0107i radu Pu\u010dke kuhinje u Osijeku skupljanjem konzervi (pa\u0161tete, mesni naresci, ribe u konzervi). Zahvaljujemo svima koji ste se uklju\u010dili u ovu akciju. Zbog najnovijih mjera Civilnog sto\u017eera radi spre\u010davanja \u0161irenja zaraze koronavirusom kojih se trebamo pridr\u017eavati <a href=\"https:\/\/svetaobitelj.hr\/?p=1616\" class=\"more-link\">[&hellip;]<\/a><\/p>\n","protected":false},"author":2,"featured_media":0,"comment_status":"closed","ping_status":"open","sticky":false,"template":"","format":"standard","meta":{"footnotes":""},"categories":[3],"tags":[],"class_list":["entry","author-","post-1616","post","type-post","status-publish","format-standard","category-zupa"],"_links":{"self":[{"href":"https:\/\/svetaobitelj.hr\/index.php?rest_route=\/wp\/v2\/posts\/1616","targetHints":{"allow":["GET"]}}],"collection":[{"href":"https:\/\/svetaobitelj.hr\/index.php?rest_route=\/wp\/v2\/posts"}],"about":[{"href":"https:\/\/svetaobitelj.hr\/index.php?rest_route=\/wp\/v2\/types\/post"}],"author":[{"embeddable":true,"href":"https:\/\/svetaobitelj.hr\/index.php?rest_route=\/wp\/v2\/users\/2"}],"replies":[{"embeddable":true,"href":"https:\/\/svetaobitelj.hr\/index.php?rest_route=%2Fwp%2Fv2%2Fcomments&post=1616"}],"version-history":[{"count":6,"href":"https:\/\/svetaobitelj.hr\/index.php?rest_route=\/wp\/v2\/posts\/1616\/revisions"}],"predecessor-version":[{"id":1622,"href":"https:\/\/svetaobitelj.hr\/index.php?rest_route=\/wp\/v2\/posts\/1616\/revisions\/1622"}],"wp:attachment":[{"href":"https:\/\/svetaobitelj.hr\/index.php?rest_route=%2Fwp%2Fv2%2Fmedia&parent=1616"}],"wp:term":[{"taxonomy":"category","embeddable":true,"href":"https:\/\/svetaobitelj.hr\/index.php?rest_route=%2Fwp%2Fv2%2Fcategories&post=1616"},{"taxonomy":"post_tag","embeddable":true,"href":"https:\/\/svetaobitelj.hr\/index.php?rest_route=%2Fwp%2Fv2%2Ftags&post=1616"}],"curies":[{"name":"wp","href":"https:\/\/api.w.org\/{rel}","templated":true}]}}