{"id":1613,"date":"2020-11-21T18:11:30","date_gmt":"2020-11-21T17:11:30","guid":{"rendered":"http:\/\/svetaobitelj.hr\/?p=1613"},"modified":"2020-11-21T18:11:30","modified_gmt":"2020-11-21T17:11:30","slug":"zupne-obavijesti-nedjelja-krista-kralja","status":"publish","type":"post","link":"https:\/\/svetaobitelj.hr\/?p=1613","title":{"rendered":"\u017dupne obavijesti: Nedjelja Krista Kralja"},"content":{"rendered":"\n<ul class=\"wp-block-list\"><li><strong>Slavimo Nedjelju Krista Kralja ili trideset i \u010detvrtu nedjelju kroz godinu. <\/strong><\/li><\/ul>\n\n\n\n<ul class=\"wp-block-list\"><li><strong>Od pono\u0107i su nove mjere Civilnog\nsto\u017eera radi spre\u010davanja \u0161irenja zaraze koronavirusom kojih se trebamo\npridr\u017eavati i u na\u0161oj \u017eupnoj crkvi. Zbog toga je novi raspored sjede\u0107ih mjesta\nu gornjem i donjem dijelu crkve pa je potrebno slu\u0161ati na\u0161e redare koji nas\nupu\u0107uju na mjesta kako bi mogli pratiti svetu misu. Podsje\u0107amo da trebamo\npaziti pri ulasku u crkvu da popunjavamo prva mjesta, a pri izlasku iz crkve da\nprvo izlaze vjernici s posljednjih mjesta. Obveza je i nadalje no\u0161enja maski za\nlice u zatvorenom prostoru, pri\u010dest je na ruku, a uz dezinfekciju ruku i\nfizi\u010dku distancu te u poslu\u0161nosti na\u0161im redarima, nastavljamo \u017eivjeti odgovorno\ni u ovim uvjetima. Zbog ovog izvanrednog stanja do daljnjega ne\u0107emo imati \u017eupne\nkateheze, biblijskog sata i susrete molitvene zajednice. <\/strong><\/li><\/ul>\n\n\n\n<ul class=\"wp-block-list\"><li><strong>U \u010detvrtak je nakon ve\u010dernje\nsvete mise klanjanje pred Presvetim, a nakon klanjanja je susret \u010dita\u010da. <\/strong><\/li><\/ul>\n\n\n\n<ul class=\"wp-block-list\"><li><strong>U subotu je susret ministranata u\n11:00 sati.<\/strong><\/li><\/ul>\n\n\n\n<ul class=\"wp-block-list\"><li><strong>Sljede\u0107e nedjelje slavimo prvu\nnedjelju do\u0161a\u0161\u0107a \u010dime zapo\u010dinje nova liturgijska ili crkvena godina. Od\nponedjeljka, 30. studenoga, zapo\u010dinjemo misama zornicama koje \u0107e biti svakoga\ndana u 6:00 sati osim nedjeljom. Kada su mise zornice nema svete mise u 7:30\nsati.<\/strong><\/li><\/ul>\n\n\n\n<ul class=\"wp-block-list\"><li><strong>Molimo sve vas koji jo\u0161 nemate\n\u017eupnu obiteljsku knji\u017eicu ili je potrebno upisati promjene u postoje\u0107e, da se\njavite u \u017eupni ured. <\/strong><\/li><\/ul>\n\n\n\n<ul class=\"wp-block-list\"><li><strong>Na oglasnoj plo\u010di imate raspored\ndoga\u0111anja u studenome koje organizira Institut za novu evangelizaciju \u201eSveti\nIvan Pavao II\u201c, kao i Molbu za sudjelovanje u karitativnoj akciji Caritasa na\u0161e\nNadbiskupije koji nam zahvaljuju na dosada\u0161njem sudjelovanju u akcijama.\nPozvani smo kao \u017eupna zajednica pomo\u0107i radu Pu\u010dke kuhinje u Osijeku skupljanjem\nkonzervi (pa\u0161tete, mesni naresci, ribe u konzervi) koje mo\u017eete donijeti u \u017eupni\nured u uredovno vrijeme ili nakon nedjeljnih svetih misa u ko\u0161are pri ulazu u\ncrkvu. Ova akcija bit \u0107e do kraja mjeseca studenog.<\/strong><\/li><\/ul>\n\n\n\n<ul class=\"wp-block-list\"><li><strong>Kupujte i \u010ditajte vjerski tisak.\nU sakristiji i \u017eupnom uredu mo\u017eete kupiti kalendare za 2021. godinu.<\/strong><\/li><\/ul>\n","protected":false},"excerpt":{"rendered":"<p>Slavimo Nedjelju Krista Kralja ili trideset i \u010detvrtu nedjelju kroz godinu. Od pono\u0107i su nove mjere Civilnog sto\u017eera radi spre\u010davanja \u0161irenja zaraze koronavirusom kojih se trebamo pridr\u017eavati i u na\u0161oj \u017eupnoj crkvi. Zbog toga je novi raspored sjede\u0107ih mjesta u gornjem i donjem dijelu crkve pa je potrebno slu\u0161ati na\u0161e redare koji nas upu\u0107uju na <a href=\"https:\/\/svetaobitelj.hr\/?p=1613\" class=\"more-link\">[&hellip;]<\/a><\/p>\n","protected":false},"author":2,"featured_media":0,"comment_status":"closed","ping_status":"open","sticky":false,"template":"","format":"standard","meta":{"footnotes":""},"categories":[3],"tags":[],"class_list":["entry","author-","post-1613","post","type-post","status-publish","format-standard","category-zupa"],"_links":{"self":[{"href":"https:\/\/svetaobitelj.hr\/index.php?rest_route=\/wp\/v2\/posts\/1613","targetHints":{"allow":["GET"]}}],"collection":[{"href":"https:\/\/svetaobitelj.hr\/index.php?rest_route=\/wp\/v2\/posts"}],"about":[{"href":"https:\/\/svetaobitelj.hr\/index.php?rest_route=\/wp\/v2\/types\/post"}],"author":[{"embeddable":true,"href":"https:\/\/svetaobitelj.hr\/index.php?rest_route=\/wp\/v2\/users\/2"}],"replies":[{"embeddable":true,"href":"https:\/\/svetaobitelj.hr\/index.php?rest_route=%2Fwp%2Fv2%2Fcomments&post=1613"}],"version-history":[{"count":1,"href":"https:\/\/svetaobitelj.hr\/index.php?rest_route=\/wp\/v2\/posts\/1613\/revisions"}],"predecessor-version":[{"id":1614,"href":"https:\/\/svetaobitelj.hr\/index.php?rest_route=\/wp\/v2\/posts\/1613\/revisions\/1614"}],"wp:attachment":[{"href":"https:\/\/svetaobitelj.hr\/index.php?rest_route=%2Fwp%2Fv2%2Fmedia&parent=1613"}],"wp:term":[{"taxonomy":"category","embeddable":true,"href":"https:\/\/svetaobitelj.hr\/index.php?rest_route=%2Fwp%2Fv2%2Fcategories&post=1613"},{"taxonomy":"post_tag","embeddable":true,"href":"https:\/\/svetaobitelj.hr\/index.php?rest_route=%2Fwp%2Fv2%2Ftags&post=1613"}],"curies":[{"name":"wp","href":"https:\/\/api.w.org\/{rel}","templated":true}]}}