{"id":1607,"date":"2020-11-19T17:42:33","date_gmt":"2020-11-19T16:42:33","guid":{"rendered":"http:\/\/svetaobitelj.hr\/?p=1607"},"modified":"2020-11-19T17:42:34","modified_gmt":"2020-11-19T16:42:34","slug":"vukovar-grad-heroj-2","status":"publish","type":"post","link":"https:\/\/svetaobitelj.hr\/?p=1607","title":{"rendered":"Vukovar- grad heroj"},"content":{"rendered":"\n<figure class=\"wp-block-image size-large\"><img loading=\"lazy\" decoding=\"async\" width=\"1024\" height=\"1024\" src=\"http:\/\/svetaobitelj.hr\/wp-content\/uploads\/2020\/11\/slika1-2-1024x1024.jpg\" alt=\"\" class=\"wp-image-1608\" srcset=\"https:\/\/svetaobitelj.hr\/wp-content\/uploads\/2020\/11\/slika1-2-1024x1024.jpg 1024w, https:\/\/svetaobitelj.hr\/wp-content\/uploads\/2020\/11\/slika1-2-300x300.jpg 300w, https:\/\/svetaobitelj.hr\/wp-content\/uploads\/2020\/11\/slika1-2-150x150.jpg 150w, https:\/\/svetaobitelj.hr\/wp-content\/uploads\/2020\/11\/slika1-2-768x768.jpg 768w, https:\/\/svetaobitelj.hr\/wp-content\/uploads\/2020\/11\/slika1-2-1536x1536.jpg 1536w, https:\/\/svetaobitelj.hr\/wp-content\/uploads\/2020\/11\/slika1-2.jpg 1920w\" sizes=\"auto, (max-width: 1024px) 100vw, 1024px\" \/><\/figure>\n\n\n\n<p>Dane sje\u0107anja na ogromnu \u017ertvu Vukovara i hrabrih hrvatskih branitelja obilje\u017eili smo paljenjem svije\u0107a na Vukovarskoj ulici i ispred kipa bla\u017eenog Alojzija Stepinca koji je primjer kako se voli i \u017eivi Domovina te svetom misom za sve poginule, nestale i umrle hrvatske branitelje Vukovara, \u0160kabrnje i cijele Hrvatske. Vukovar je na\u0161 ponos, na\u0161a ljubav, na\u0161a rana i na\u0161 heroj i to nikada ne smijemo zaboraviti. Molimo cijele godine a posebice ovih nekoliko dana za veliku \u017ertvu koja je dana za sve nas, na\u0161u slobodu. Za one koji su dali najvrijednije, \u017eivot vjerujemo da su kod Gospodina, jer gdje bi drugo mu\u010denici bili nego u Njegovu krilu. Vukovar \u010duvamo u sebi, tamo ga nitko ne mo\u017ee prona\u0107i, Vukovar to smo mi. Ju\u010der, danas, sutra. Stoj grade prkosan i sna\u017ean u inat onima koji su te \u017eeljeli sravniti, neka te Gospodin i sve na\u0161e junake \u010dvrsto zagrli i \u010duva da nam bude\u0161 putokaz za vje\u010dnost. Ljubav, vjera, nada to vidimo kada gledamo tebe dive na\u0161. Onima kojih vi\u0161e nema prvima me\u0111u nama hvala na ogromnoj \u017ertvi i slobodi koju imamo. Dok je nas, \u017eivite i vi. Ima jedan grad. Vukovar, grad heroja!<\/p>\n\n\n\n<figure class=\"wp-block-image size-large\"><img loading=\"lazy\" decoding=\"async\" width=\"1024\" height=\"649\" src=\"http:\/\/svetaobitelj.hr\/wp-content\/uploads\/2020\/11\/grad-heroj.jpg\" alt=\"\" class=\"wp-image-1609\" srcset=\"https:\/\/svetaobitelj.hr\/wp-content\/uploads\/2020\/11\/grad-heroj.jpg 1024w, https:\/\/svetaobitelj.hr\/wp-content\/uploads\/2020\/11\/grad-heroj-300x190.jpg 300w, https:\/\/svetaobitelj.hr\/wp-content\/uploads\/2020\/11\/grad-heroj-768x487.jpg 768w\" sizes=\"auto, (max-width: 1024px) 100vw, 1024px\" \/><\/figure>\n","protected":false},"excerpt":{"rendered":"<p>Dane sje\u0107anja na ogromnu \u017ertvu Vukovara i hrabrih hrvatskih branitelja obilje\u017eili smo paljenjem svije\u0107a na Vukovarskoj ulici i ispred kipa bla\u017eenog Alojzija Stepinca koji je primjer kako se voli i \u017eivi Domovina te svetom misom za sve poginule, nestale i umrle hrvatske branitelje Vukovara, \u0160kabrnje i cijele Hrvatske. Vukovar je na\u0161 ponos, na\u0161a ljubav, na\u0161a <a href=\"https:\/\/svetaobitelj.hr\/?p=1607\" class=\"more-link\">[&hellip;]<\/a><\/p>\n","protected":false},"author":2,"featured_media":0,"comment_status":"closed","ping_status":"open","sticky":false,"template":"","format":"standard","meta":{"footnotes":""},"categories":[3],"tags":[],"class_list":["entry","author-","post-1607","post","type-post","status-publish","format-standard","category-zupa"],"_links":{"self":[{"href":"https:\/\/svetaobitelj.hr\/index.php?rest_route=\/wp\/v2\/posts\/1607","targetHints":{"allow":["GET"]}}],"collection":[{"href":"https:\/\/svetaobitelj.hr\/index.php?rest_route=\/wp\/v2\/posts"}],"about":[{"href":"https:\/\/svetaobitelj.hr\/index.php?rest_route=\/wp\/v2\/types\/post"}],"author":[{"embeddable":true,"href":"https:\/\/svetaobitelj.hr\/index.php?rest_route=\/wp\/v2\/users\/2"}],"replies":[{"embeddable":true,"href":"https:\/\/svetaobitelj.hr\/index.php?rest_route=%2Fwp%2Fv2%2Fcomments&post=1607"}],"version-history":[{"count":1,"href":"https:\/\/svetaobitelj.hr\/index.php?rest_route=\/wp\/v2\/posts\/1607\/revisions"}],"predecessor-version":[{"id":1610,"href":"https:\/\/svetaobitelj.hr\/index.php?rest_route=\/wp\/v2\/posts\/1607\/revisions\/1610"}],"wp:attachment":[{"href":"https:\/\/svetaobitelj.hr\/index.php?rest_route=%2Fwp%2Fv2%2Fmedia&parent=1607"}],"wp:term":[{"taxonomy":"category","embeddable":true,"href":"https:\/\/svetaobitelj.hr\/index.php?rest_route=%2Fwp%2Fv2%2Fcategories&post=1607"},{"taxonomy":"post_tag","embeddable":true,"href":"https:\/\/svetaobitelj.hr\/index.php?rest_route=%2Fwp%2Fv2%2Ftags&post=1607"}],"curies":[{"name":"wp","href":"https:\/\/api.w.org\/{rel}","templated":true}]}}