{"id":1604,"date":"2020-11-13T10:47:00","date_gmt":"2020-11-13T09:47:00","guid":{"rendered":"http:\/\/svetaobitelj.hr\/?p=1604"},"modified":"2020-11-13T10:47:00","modified_gmt":"2020-11-13T09:47:00","slug":"zupne-obavijesti-33-nedjelja-kroz-godinu-2","status":"publish","type":"post","link":"https:\/\/svetaobitelj.hr\/?p=1604","title":{"rendered":"\u017dupne obavijesti: 33. nedjelja kroz godinu"},"content":{"rendered":"\n<ul class=\"wp-block-list\"><li><strong>Slavimo trideset i tre\u0107u nedjelju kroz godinu. <\/strong><\/li><\/ul>\n\n\n\n<ul class=\"wp-block-list\"><li><strong>Sutra je biblijski sat nakon\nve\u010dernje svete mise.<\/strong><\/li><\/ul>\n\n\n\n<ul class=\"wp-block-list\"><li><strong>U utorak slavimo sv. Elizabetu\nUgarsku, za\u0161titnicu OFS-a. Svete mise su u 7:30 i 18:30 sati.<\/strong><\/li><\/ul>\n\n\n\n<ul class=\"wp-block-list\"><li><strong>U srijedu je spomendan na \u017ertvu\nVukovara. Pod jutarnjom svetom misom molit \u0107emo za sve koji su poginuli u\nobrani na\u0161ega grada heroja.<\/strong><\/li><\/ul>\n\n\n\n<ul class=\"wp-block-list\"><li><strong>U \u010detvrtak je nakon ve\u010dernje\nsvete mise klanjanje pred Presvetim. <\/strong><\/li><\/ul>\n\n\n\n<ul class=\"wp-block-list\"><li><strong>U petak pod ve\u010dernjom svetom\nmisom molimo za poginule branitelje iz na\u0161e \u017eupe.<\/strong><\/li><\/ul>\n\n\n\n<ul class=\"wp-block-list\"><li><strong>Sljede\u0107e nedjelje slavimo Nedjelju\nKrista Kralja ili trideset i \u010detvrtu nedjelju kroz godinu.<\/strong><\/li><\/ul>\n\n\n\n<ul class=\"wp-block-list\"><li><strong>Molimo sve vas koji jo\u0161 nemate\n\u017eupnu obiteljsku knji\u017eicu ili je potrebno upisati promjene u postoje\u0107e, da se\njavite u \u017eupni ured. <\/strong><\/li><\/ul>\n\n\n\n<ul class=\"wp-block-list\"><li><strong>Na oglasnoj plo\u010di imate raspored\ndoga\u0111anja u studenome koje organizira Institut za novu evangelizaciju \u201eSveti\nIvan Pavao II\u201c, kao i Molbu za sudjelovanje u karitativnoj akciji Caritasa na\u0161e\nNadbiskupije koji nam zahvaljuju na dosada\u0161njem sudjelovanju u akcijama. Ovaj\nputa pozvani smo kao \u017eupna zajednica pomo\u0107i radu Pu\u010dke kuhinje u Osijeku\nskupljanjem konzervi (pa\u0161tete, mesni naresci, ribe u konzervi) koje mo\u017eete\ndonijeti u \u017eupni ured u uredovno vrijeme ili nakon nedjeljnih svetih misa u\nozna\u010dene kutije pri ulazu u crkvu. Ova akcija bit \u0107e do kraja mjeseca studenog.<\/strong><\/li><\/ul>\n\n\n\n<ul class=\"wp-block-list\"><li><strong>Kao vjernici poslu\u0161ni smo u ovo vrijeme pandemije prema uputama mjerodavnih. Obveza je no\u0161enja maski za lice u zatvorenom prostoru, a uz dezinfekciju ruku i fizi\u010dku distancu te u poslu\u0161nosti na\u0161im redarima, nastavljamo \u017eivjeti odgovorno u ovim uvjetima. Zbog sve hladnijeg vremena odre\u0111eni broj na\u0161ih vjernika mo\u017ee biti za vrijeme euharistijskih slavlja u donjem dijelu crkve gdje je omogu\u0107eno pratiti svetu misu preko video prijenosa uz no\u0161enje maski za lice, dezinfekciju ruku i fizi\u010dke distance.<\/strong><\/li><\/ul>\n\n\n\n<ol class=\"wp-block-list\"><li><strong>Kupujte i \u010ditajte vjerski tisak. U\nsakristiji i \u017eupnom uredu mo\u017eete kupiti kalendare za 2021. godinu.<\/strong><\/li><\/ol>\n","protected":false},"excerpt":{"rendered":"<p>Slavimo trideset i tre\u0107u nedjelju kroz godinu. Sutra je biblijski sat nakon ve\u010dernje svete mise. U utorak slavimo sv. Elizabetu Ugarsku, za\u0161titnicu OFS-a. Svete mise su u 7:30 i 18:30 sati. U srijedu je spomendan na \u017ertvu Vukovara. Pod jutarnjom svetom misom molit \u0107emo za sve koji su poginuli u obrani na\u0161ega grada heroja. U <a href=\"https:\/\/svetaobitelj.hr\/?p=1604\" class=\"more-link\">[&hellip;]<\/a><\/p>\n","protected":false},"author":2,"featured_media":0,"comment_status":"closed","ping_status":"open","sticky":false,"template":"","format":"standard","meta":{"footnotes":""},"categories":[3],"tags":[],"class_list":["entry","author-","post-1604","post","type-post","status-publish","format-standard","category-zupa"],"_links":{"self":[{"href":"https:\/\/svetaobitelj.hr\/index.php?rest_route=\/wp\/v2\/posts\/1604","targetHints":{"allow":["GET"]}}],"collection":[{"href":"https:\/\/svetaobitelj.hr\/index.php?rest_route=\/wp\/v2\/posts"}],"about":[{"href":"https:\/\/svetaobitelj.hr\/index.php?rest_route=\/wp\/v2\/types\/post"}],"author":[{"embeddable":true,"href":"https:\/\/svetaobitelj.hr\/index.php?rest_route=\/wp\/v2\/users\/2"}],"replies":[{"embeddable":true,"href":"https:\/\/svetaobitelj.hr\/index.php?rest_route=%2Fwp%2Fv2%2Fcomments&post=1604"}],"version-history":[{"count":1,"href":"https:\/\/svetaobitelj.hr\/index.php?rest_route=\/wp\/v2\/posts\/1604\/revisions"}],"predecessor-version":[{"id":1605,"href":"https:\/\/svetaobitelj.hr\/index.php?rest_route=\/wp\/v2\/posts\/1604\/revisions\/1605"}],"wp:attachment":[{"href":"https:\/\/svetaobitelj.hr\/index.php?rest_route=%2Fwp%2Fv2%2Fmedia&parent=1604"}],"wp:term":[{"taxonomy":"category","embeddable":true,"href":"https:\/\/svetaobitelj.hr\/index.php?rest_route=%2Fwp%2Fv2%2Fcategories&post=1604"},{"taxonomy":"post_tag","embeddable":true,"href":"https:\/\/svetaobitelj.hr\/index.php?rest_route=%2Fwp%2Fv2%2Ftags&post=1604"}],"curies":[{"name":"wp","href":"https:\/\/api.w.org\/{rel}","templated":true}]}}