{"id":1598,"date":"2020-11-12T20:03:50","date_gmt":"2020-11-12T19:03:50","guid":{"rendered":"http:\/\/svetaobitelj.hr\/?p=1598"},"modified":"2020-11-12T20:03:51","modified_gmt":"2020-11-12T19:03:51","slug":"svjedocenje-hrvatskog-branitelja-na-susretu-ofs-a","status":"publish","type":"post","link":"https:\/\/svetaobitelj.hr\/?p=1598","title":{"rendered":"Svjedo\u010denje hrvatskog branitelja na susretu OFS-a"},"content":{"rendered":"\n<figure class=\"wp-block-image size-large\"><img loading=\"lazy\" decoding=\"async\" width=\"1024\" height=\"1024\" src=\"http:\/\/svetaobitelj.hr\/wp-content\/uploads\/2020\/11\/slika1-1024x1024.jpg\" alt=\"\" class=\"wp-image-1599\" srcset=\"https:\/\/svetaobitelj.hr\/wp-content\/uploads\/2020\/11\/slika1-1024x1024.jpg 1024w, https:\/\/svetaobitelj.hr\/wp-content\/uploads\/2020\/11\/slika1-300x300.jpg 300w, https:\/\/svetaobitelj.hr\/wp-content\/uploads\/2020\/11\/slika1-150x150.jpg 150w, https:\/\/svetaobitelj.hr\/wp-content\/uploads\/2020\/11\/slika1-768x768.jpg 768w, https:\/\/svetaobitelj.hr\/wp-content\/uploads\/2020\/11\/slika1-1536x1536.jpg 1536w, https:\/\/svetaobitelj.hr\/wp-content\/uploads\/2020\/11\/slika1.jpg 1920w\" sizes=\"auto, (max-width: 1024px) 100vw, 1024px\" \/><\/figure>\n\n\n\n<p>Na mjese\u010dnom susretu na\u0161ega Mjesnoga bratstva OFS-a  koje je odr\u017eano u nedjelju, 08. studenoga \u010dija tema je bila razmi\u0161ljanje o Svim svetima,  Du\u0161nom danu, \u017ertvi Vukovara. Svjedo\u010de\u0107i o strahotama koje su hrvatski branitelji pro\u0161li prije pada Grada i svemu \u0161to je tome prethodilo, kao i u\u017easu zarobljavanja i boravka u srpskim koncentracijskim logorima, hrvatski branitelj Hrvoje Ma\u0111arevi\u0107 potakao nas je na duboko razmi\u0161ljanje kako i na \u010demu smo Bogu zahvalni. \u010citavo svjedo\u010danstvo pro\u017eeto je svjedo\u010denjem vjere koju je primio u obitelji. U najte\u017eim trenutcima \u017eivota odr\u017eao ga je dar vjere, kako u Boga, tako i u svoje suborce kojima smo zahvalni za neprocjenjivu \u017ertvu iskazanu kroz hrabrost i mu\u010deni\u0161tvo koje su podnijeli. Osobito nas se dojmilo njegovo svjedo\u010denje proslave polno\u0107ke kada su zarobljenici u u\u017easno te\u0161kim uvjetima, bez borova, nakita, pe\u010denih purica, mlinaca, darova pod borom, a na poticaj tako\u0111er zarobljenog fra Slavka Antunovi\u0107a, u sasvim druga\u010dijim okolnostima proslavili Bo\u017ei\u0107 i svojom \u017ertvom suobli\u010dili se s raspetim Isusom na kri\u017eu. Bogu smo zahvalni na svim na\u0161im braniteljima i na slobodi koju su nam darivali, molimo za njih da im Gospodin dade mir u du\u0161i. Nadamo se da \u0107emo imati jo\u0161 prilika \u010duti sli\u010dna svjedo\u010danstva jer nikada ne smijemo zaboraviti na\u0161e heroje i na\u0161 herojski Vukovar.  <\/p>\n","protected":false},"excerpt":{"rendered":"<p>Na mjese\u010dnom susretu na\u0161ega Mjesnoga bratstva OFS-a koje je odr\u017eano u nedjelju, 08. studenoga \u010dija tema je bila razmi\u0161ljanje o Svim svetima, Du\u0161nom danu, \u017ertvi Vukovara. Svjedo\u010de\u0107i o strahotama koje su hrvatski branitelji pro\u0161li prije pada Grada i svemu \u0161to je tome prethodilo, kao i u\u017easu zarobljavanja i boravka u srpskim koncentracijskim logorima, hrvatski branitelj <a href=\"https:\/\/svetaobitelj.hr\/?p=1598\" class=\"more-link\">[&hellip;]<\/a><\/p>\n","protected":false},"author":2,"featured_media":0,"comment_status":"closed","ping_status":"open","sticky":false,"template":"","format":"standard","meta":{"footnotes":""},"categories":[3],"tags":[],"class_list":["entry","author-","post-1598","post","type-post","status-publish","format-standard","category-zupa"],"_links":{"self":[{"href":"https:\/\/svetaobitelj.hr\/index.php?rest_route=\/wp\/v2\/posts\/1598","targetHints":{"allow":["GET"]}}],"collection":[{"href":"https:\/\/svetaobitelj.hr\/index.php?rest_route=\/wp\/v2\/posts"}],"about":[{"href":"https:\/\/svetaobitelj.hr\/index.php?rest_route=\/wp\/v2\/types\/post"}],"author":[{"embeddable":true,"href":"https:\/\/svetaobitelj.hr\/index.php?rest_route=\/wp\/v2\/users\/2"}],"replies":[{"embeddable":true,"href":"https:\/\/svetaobitelj.hr\/index.php?rest_route=%2Fwp%2Fv2%2Fcomments&post=1598"}],"version-history":[{"count":1,"href":"https:\/\/svetaobitelj.hr\/index.php?rest_route=\/wp\/v2\/posts\/1598\/revisions"}],"predecessor-version":[{"id":1600,"href":"https:\/\/svetaobitelj.hr\/index.php?rest_route=\/wp\/v2\/posts\/1598\/revisions\/1600"}],"wp:attachment":[{"href":"https:\/\/svetaobitelj.hr\/index.php?rest_route=%2Fwp%2Fv2%2Fmedia&parent=1598"}],"wp:term":[{"taxonomy":"category","embeddable":true,"href":"https:\/\/svetaobitelj.hr\/index.php?rest_route=%2Fwp%2Fv2%2Fcategories&post=1598"},{"taxonomy":"post_tag","embeddable":true,"href":"https:\/\/svetaobitelj.hr\/index.php?rest_route=%2Fwp%2Fv2%2Ftags&post=1598"}],"curies":[{"name":"wp","href":"https:\/\/api.w.org\/{rel}","templated":true}]}}