{"id":1586,"date":"2020-10-31T12:12:58","date_gmt":"2020-10-31T11:12:58","guid":{"rendered":"http:\/\/svetaobitelj.hr\/?p=1586"},"modified":"2020-10-31T12:12:58","modified_gmt":"2020-10-31T11:12:58","slug":"raspored-prvih-susreta-na-zupnim-katehezama","status":"publish","type":"post","link":"https:\/\/svetaobitelj.hr\/?p=1586","title":{"rendered":"RASPORED PRVIH SUSRETA NA \u017dUPNIM KATEHEZAMA"},"content":{"rendered":"\n<p>PRVI RAZREDI O\u0160 \u201eTIN UJEVI\u0106\u201c:<br> 1a u subotu, 7. 11. u 10:00<br> 1b u subotu, 7. 11. u 11:00<\/p>\n\n\n\n<p> PRVI RAZREDI O\u0160 \u201eGRIGOR VITEZ\u201c:<br> 1a u subotu 14. 11. u 10:00<br> 1b u subotu 14. 11. u 11:00<\/p>\n\n\n\n<p> DRUGI RAZREDI O\u0160 \u201eTIN UJEVI\u0106\u201c:<br> 2a u ponedjeljak, 9. 11. u 14:00<br> 2b u ponedjeljak, 9. 11. u 15:00<\/p>\n\n\n\n<p> DRUGI RAZREDI O\u0160 \u201eGRIGOR VITEZ\u201c:<br> 2a u utorak, 10. 11. u 14:00<br> 2b u utorak, 10. 11. u 15:00<\/p>\n\n\n\n<p> TRE\u0106I RAZREDI O\u0160 \u201eTIN UJEVI\u0106\u201c:<br> 3a u ponedjeljak, 9. 11. u 8:00<br> 3b u ponedjeljak, 9. 11. u 9:00<br> 3c u ponedjeljak, 9. 11. u 10:00<\/p>\n\n\n\n<p> TRE\u0106I RAZREDI O\u0160 \u201eGRIGOR VITEZ\u201c:<br> 3a u utorak, 10. 11. u 8:00<br> 3b u utorak, 10. 11. u 9:00<\/p>\n\n\n\n<p>OSMI RAZREDI O\u0160 \u201eTIN UJEVI\u0106\u201c:<br> U nedjelju, 8. 11. nakon ve\u010dernje svete mise<\/p>\n\n\n\n<p> OSMI RAZREDI O\u0160 \u201eGRIGOR VITEZ\u201c:<br> U nedjelju, 15. 11. nakon ve\u010dernje svete mise<\/p>\n\n\n\n<p> PRVI RAZREDI SREDNJIH \u0160KOLA:<br> Prijavljeni s prezimenima od A do H u \u010detvrtak, 12. 11. u 8:30 ili u 14:30<br> Prijavljeni s prezimenima od J do M u \u010detvrtak, 12. 11. u 9:30 ili u 15:30<br> Prijavljeni s prezimenima od O do Z u \u010detvrtak, 12. 11. u 10:30 ili u 16:30<\/p>\n\n\n\n<p> DRUGI RAZREDI SREDNJIH \u0160KOLA:<br> Prijavljeni s prezimenima od A do K u srijedu, 11. 11. u 8:30 ili u 14:30<br> Prijavljeni s prezimenima od L do P u srijedu, 11. 11. u 9:30 ili u 15:30<br> Prijavljeni s prezimenima od R do T u srijedu, 11. 11. u 10:30 ili u 16:30<br> Prijavljeni s prezimenima od V do Z u srijedu, 11. 11. u 11:30 ili u 17:30<\/p>\n","protected":false},"excerpt":{"rendered":"<p>PRVI RAZREDI O\u0160 \u201eTIN UJEVI\u0106\u201c: 1a u subotu, 7. 11. u 10:00 1b u subotu, 7. 11. u 11:00 PRVI RAZREDI O\u0160 \u201eGRIGOR VITEZ\u201c: 1a u subotu 14. 11. u 10:00 1b u subotu 14. 11. u 11:00 DRUGI RAZREDI O\u0160 \u201eTIN UJEVI\u0106\u201c: 2a u ponedjeljak, 9. 11. u 14:00 2b u ponedjeljak, 9. 11. <a href=\"https:\/\/svetaobitelj.hr\/?p=1586\" class=\"more-link\">[&hellip;]<\/a><\/p>\n","protected":false},"author":2,"featured_media":0,"comment_status":"closed","ping_status":"open","sticky":false,"template":"","format":"standard","meta":{"footnotes":""},"categories":[3],"tags":[],"class_list":["entry","author-","post-1586","post","type-post","status-publish","format-standard","category-zupa"],"_links":{"self":[{"href":"https:\/\/svetaobitelj.hr\/index.php?rest_route=\/wp\/v2\/posts\/1586","targetHints":{"allow":["GET"]}}],"collection":[{"href":"https:\/\/svetaobitelj.hr\/index.php?rest_route=\/wp\/v2\/posts"}],"about":[{"href":"https:\/\/svetaobitelj.hr\/index.php?rest_route=\/wp\/v2\/types\/post"}],"author":[{"embeddable":true,"href":"https:\/\/svetaobitelj.hr\/index.php?rest_route=\/wp\/v2\/users\/2"}],"replies":[{"embeddable":true,"href":"https:\/\/svetaobitelj.hr\/index.php?rest_route=%2Fwp%2Fv2%2Fcomments&post=1586"}],"version-history":[{"count":2,"href":"https:\/\/svetaobitelj.hr\/index.php?rest_route=\/wp\/v2\/posts\/1586\/revisions"}],"predecessor-version":[{"id":1588,"href":"https:\/\/svetaobitelj.hr\/index.php?rest_route=\/wp\/v2\/posts\/1586\/revisions\/1588"}],"wp:attachment":[{"href":"https:\/\/svetaobitelj.hr\/index.php?rest_route=%2Fwp%2Fv2%2Fmedia&parent=1586"}],"wp:term":[{"taxonomy":"category","embeddable":true,"href":"https:\/\/svetaobitelj.hr\/index.php?rest_route=%2Fwp%2Fv2%2Fcategories&post=1586"},{"taxonomy":"post_tag","embeddable":true,"href":"https:\/\/svetaobitelj.hr\/index.php?rest_route=%2Fwp%2Fv2%2Ftags&post=1586"}],"curies":[{"name":"wp","href":"https:\/\/api.w.org\/{rel}","templated":true}]}}