{"id":1583,"date":"2020-10-31T12:11:12","date_gmt":"2020-10-31T11:11:12","guid":{"rendered":"http:\/\/svetaobitelj.hr\/?p=1583"},"modified":"2020-10-31T12:11:12","modified_gmt":"2020-10-31T11:11:12","slug":"zupne-obavijesti-svi-sveti","status":"publish","type":"post","link":"https:\/\/svetaobitelj.hr\/?p=1583","title":{"rendered":"\u017dupne obavijesti: Svi sveti"},"content":{"rendered":"\n<ul class=\"wp-block-list\"><li>Slavimo zapovijedanu svetkovinu Svi sveti. Prva je nedjelja u mjesecu kada se svojim molitvama i nov\u010danim prilozima sje\u0107amo na\u0161ih sjemeni\u0161ta te molimo za duhovna zvanja. <\/li><li>Sutra slavimo Du\u0161ni dan. Svete mise su u 7:30 i 18:30 sati. Ne\u0107e biti biblijskog sata nakon ve\u010dernje svete mise.<\/li><li>U \u010detvrtak nema klanjanja pred Presvetim. Nakon ve\u010dernje svete mise bit \u0107e roditeljski sastanak za roditelje djece prvih razreda osnovnih \u0161kola.<\/li><li>Ovaj tjedan su prvi petak i subota u mjesecu. U petak je u 18:00 sati pobo\u017enost devet prvih petaka, a u subotu je nakon ve\u010dernje svete mise klanjanje pred Presvetim.<\/li><li>Sljede\u0107e nedjelje slavimo trideset i drugu nedjelju kroz godinu. Mjese\u010dni susret \u010dlanova Mjesnoga bratstva OFS-a bit \u0107e u 16:30 sati.<\/li><li>Raspored za prve susrete \u017eupnih kateheza imate na oglasnoj plo\u010di kao i na na\u0161oj \u017eupnoj web stranici.<\/li><li>Molimo sve vas koji jo\u0161 nemate \u017eupnu obiteljsku knji\u017eicu ili je potrebno upisati promjene u postoje\u0107e, da se javite u \u017eupni ured.<\/li><li>Na oglasnoj plo\u010di imate raspored doga\u0111anja u studenome koje organizira Institut za novu evangelizaciju \u201eSveti Ivan Pavao II\u201c.<\/li><li>Svjedoci smo velikog broja zara\u017eenih koronavirusom. Kao vjernici poslu\u0161ni smo prema uputama mjerodavnih. Obveza je no\u0161enja maski za lice u zatvorenom prostoru, a uz dezinfekciju ruku i fizi\u010dku distancu, nastavljamo \u017eivjeti odgovorno u ovim uvjetima. Zbog sve hladnijeg vremena odre\u0111eni broj na\u0161ih vjernika mo\u017ee biti za vrijeme euharistijskih slavlja u donjem dijelu crkve gdje je omogu\u0107eno pratiti svetu misu preko video prijenosa uz no\u0161enje maski za lice, dezinfekciju ruku i fizi\u010dke distance.<\/li><li>Kupujte i \u010ditajte vjerski tisak. U sakristiji i \u017eupnom uredu mo\u017eete kupiti kalendare za 2021. godinu.<\/li><\/ul>\n","protected":false},"excerpt":{"rendered":"<p>Slavimo zapovijedanu svetkovinu Svi sveti. Prva je nedjelja u mjesecu kada se svojim molitvama i nov\u010danim prilozima sje\u0107amo na\u0161ih sjemeni\u0161ta te molimo za duhovna zvanja. Sutra slavimo Du\u0161ni dan. Svete mise su u 7:30 i 18:30 sati. Ne\u0107e biti biblijskog sata nakon ve\u010dernje svete mise. U \u010detvrtak nema klanjanja pred Presvetim. Nakon ve\u010dernje svete mise <a href=\"https:\/\/svetaobitelj.hr\/?p=1583\" class=\"more-link\">[&hellip;]<\/a><\/p>\n","protected":false},"author":2,"featured_media":0,"comment_status":"closed","ping_status":"open","sticky":false,"template":"","format":"standard","meta":{"footnotes":""},"categories":[3],"tags":[],"class_list":["entry","author-","post-1583","post","type-post","status-publish","format-standard","category-zupa"],"_links":{"self":[{"href":"https:\/\/svetaobitelj.hr\/index.php?rest_route=\/wp\/v2\/posts\/1583","targetHints":{"allow":["GET"]}}],"collection":[{"href":"https:\/\/svetaobitelj.hr\/index.php?rest_route=\/wp\/v2\/posts"}],"about":[{"href":"https:\/\/svetaobitelj.hr\/index.php?rest_route=\/wp\/v2\/types\/post"}],"author":[{"embeddable":true,"href":"https:\/\/svetaobitelj.hr\/index.php?rest_route=\/wp\/v2\/users\/2"}],"replies":[{"embeddable":true,"href":"https:\/\/svetaobitelj.hr\/index.php?rest_route=%2Fwp%2Fv2%2Fcomments&post=1583"}],"version-history":[{"count":2,"href":"https:\/\/svetaobitelj.hr\/index.php?rest_route=\/wp\/v2\/posts\/1583\/revisions"}],"predecessor-version":[{"id":1585,"href":"https:\/\/svetaobitelj.hr\/index.php?rest_route=\/wp\/v2\/posts\/1583\/revisions\/1585"}],"wp:attachment":[{"href":"https:\/\/svetaobitelj.hr\/index.php?rest_route=%2Fwp%2Fv2%2Fmedia&parent=1583"}],"wp:term":[{"taxonomy":"category","embeddable":true,"href":"https:\/\/svetaobitelj.hr\/index.php?rest_route=%2Fwp%2Fv2%2Fcategories&post=1583"},{"taxonomy":"post_tag","embeddable":true,"href":"https:\/\/svetaobitelj.hr\/index.php?rest_route=%2Fwp%2Fv2%2Ftags&post=1583"}],"curies":[{"name":"wp","href":"https:\/\/api.w.org\/{rel}","templated":true}]}}