{"id":1576,"date":"2020-10-17T10:49:30","date_gmt":"2020-10-17T09:49:30","guid":{"rendered":"http:\/\/svetaobitelj.hr\/?p=1576"},"modified":"2020-10-17T10:49:31","modified_gmt":"2020-10-17T09:49:31","slug":"zupne-obavijesti-29-nedjelja-kroz-godinu-misijska-nedjelja","status":"publish","type":"post","link":"https:\/\/svetaobitelj.hr\/?p=1576","title":{"rendered":"\u017dupne obavijesti: 29. nedjelja kroz godinu &#8211; Misijska nedjelja"},"content":{"rendered":"\n<ul class=\"wp-block-list\"><li> <strong>Slavimo dvadeset i devetu nedjelju kroz godinu. Ujedno je Misijska nedjelja kada svojim molitvama i nov\u010danim prilozima poma\u017eemo misijsko djelovanje Crkve u svijetu. Svoj nov\u010dani dar mo\u017eete dati na izlazu iz crkve. <\/strong> <strong>Sutra je biblijski sat nakon ve\u010dernje svete mise. <\/strong><\/li><\/ul>\n\n\n\n<ul class=\"wp-block-list\"><li><strong>U utorak je u 19:00 sati\nroditeljski sastanak&nbsp; za roditelje\novogodi\u0161njih u\u010denika tre\u0107ih razreda osnovnih \u0161kola, a u srijedu je u 19:00 sati\nroditeljski sastanak za roditelje ovogodi\u0161njih u\u010denika drugih razreda srednjih\n\u0161kola. Obvezno treba imati maske na licu.<\/strong><\/li><\/ul>\n\n\n\n<ul class=\"wp-block-list\"><li><strong>U \u010detvrtak je klanjanje pred\nPresvetim nakon ve\u010dernje svete mise.<\/strong><\/li><\/ul>\n\n\n\n<ul class=\"wp-block-list\"><li><strong>Sljede\u0107e nedjelje slavimo\ntridesetu nedjelju kroz godinu. Nakon svetih misa pogledat \u0107emo kratak film o misiji\nna oto\u010dju Haiti gdje djeluje s. Mirjam Filipovi\u0107 pa \u017eelimo kao \u017eupna zajednica\nsvojim nov\u010danim prilogom konkretno pomo\u0107i toj misiji Sv. Obitelji.<\/strong><\/li><\/ul>\n\n\n\n<ul class=\"wp-block-list\"><li><strong>Na oglasnoj plo\u010di imate najave Instituta za novu\nevangelizaciju \u201eSveti Ivan Pavao II.\u201c za biblijske i socijalne tribine,\nbiblijsko-molitvene ve\u010deri i obiteljske \u010detvrtke koji \u0107e biti odr\u017eani u\nVikarijatu u Osijeku.<\/strong><\/li><\/ul>\n\n\n\n<ul class=\"wp-block-list\"><li><strong>Molimo sve vas koji jo\u0161 nemate\n\u017eupnu obiteljsku knji\u017eicu ili je potrebno upisati promjene u postoje\u0107e, da se\njavite u \u017eupni ured. <\/strong><\/li><\/ul>\n\n\n\n<ul class=\"wp-block-list\"><li><strong>Svjedoci smo sve ve\u0107eg broja\nzara\u017eenih koronavirusom. Kao vjernici poslu\u0161ni smo prema uputama mjerodavnih.\nObveza je no\u0161enja maski za lice u zatvorenom prostoru, a uz dezinfekciju ruku i\nfizi\u010dku distancu, nastavljamo \u017eivjeti odgovorno u ovim uvjetima. Zbog sve\nhladnijeg vremena odre\u0111eni broj na\u0161ih vjernika mo\u017ee biti za vrijeme\neuharistijskih slavlja u donjem dijelu crkve gdje je omogu\u0107eno pratiti svetu\nmisu preko video prijenosa uz no\u0161enje maski za lice, dezinfekciju ruku i\nfizi\u010dke distance.<\/strong><\/li><\/ul>\n\n\n\n<ul class=\"wp-block-list\"><li><strong>Kupujte i \u010ditajte vjerski tisak. U\nsakristiji i \u017eupnom uredu mo\u017eete kupiti kalendare za 2021. godinu.<\/strong><\/li><\/ul>\n","protected":false},"excerpt":{"rendered":"<p>Slavimo dvadeset i devetu nedjelju kroz godinu. Ujedno je Misijska nedjelja kada svojim molitvama i nov\u010danim prilozima poma\u017eemo misijsko djelovanje Crkve u svijetu. Svoj nov\u010dani dar mo\u017eete dati na izlazu iz crkve. Sutra je biblijski sat nakon ve\u010dernje svete mise. U utorak je u 19:00 sati roditeljski sastanak&nbsp; za roditelje ovogodi\u0161njih u\u010denika tre\u0107ih razreda osnovnih <a href=\"https:\/\/svetaobitelj.hr\/?p=1576\" class=\"more-link\">[&hellip;]<\/a><\/p>\n","protected":false},"author":2,"featured_media":0,"comment_status":"closed","ping_status":"open","sticky":false,"template":"","format":"standard","meta":{"footnotes":""},"categories":[3],"tags":[],"class_list":["entry","author-","post-1576","post","type-post","status-publish","format-standard","category-zupa"],"_links":{"self":[{"href":"https:\/\/svetaobitelj.hr\/index.php?rest_route=\/wp\/v2\/posts\/1576","targetHints":{"allow":["GET"]}}],"collection":[{"href":"https:\/\/svetaobitelj.hr\/index.php?rest_route=\/wp\/v2\/posts"}],"about":[{"href":"https:\/\/svetaobitelj.hr\/index.php?rest_route=\/wp\/v2\/types\/post"}],"author":[{"embeddable":true,"href":"https:\/\/svetaobitelj.hr\/index.php?rest_route=\/wp\/v2\/users\/2"}],"replies":[{"embeddable":true,"href":"https:\/\/svetaobitelj.hr\/index.php?rest_route=%2Fwp%2Fv2%2Fcomments&post=1576"}],"version-history":[{"count":1,"href":"https:\/\/svetaobitelj.hr\/index.php?rest_route=\/wp\/v2\/posts\/1576\/revisions"}],"predecessor-version":[{"id":1577,"href":"https:\/\/svetaobitelj.hr\/index.php?rest_route=\/wp\/v2\/posts\/1576\/revisions\/1577"}],"wp:attachment":[{"href":"https:\/\/svetaobitelj.hr\/index.php?rest_route=%2Fwp%2Fv2%2Fmedia&parent=1576"}],"wp:term":[{"taxonomy":"category","embeddable":true,"href":"https:\/\/svetaobitelj.hr\/index.php?rest_route=%2Fwp%2Fv2%2Fcategories&post=1576"},{"taxonomy":"post_tag","embeddable":true,"href":"https:\/\/svetaobitelj.hr\/index.php?rest_route=%2Fwp%2Fv2%2Ftags&post=1576"}],"curies":[{"name":"wp","href":"https:\/\/api.w.org\/{rel}","templated":true}]}}