{"id":1571,"date":"2020-10-10T19:23:26","date_gmt":"2020-10-10T18:23:26","guid":{"rendered":"http:\/\/svetaobitelj.hr\/?p=1571"},"modified":"2020-10-10T19:23:26","modified_gmt":"2020-10-10T18:23:26","slug":"za-hladno-vrijeme-spremni","status":"publish","type":"post","link":"https:\/\/svetaobitelj.hr\/?p=1571","title":{"rendered":"Za hladno vrijeme &#8211; SPREMNI"},"content":{"rendered":"\n<figure class=\"wp-block-image size-large\"><img loading=\"lazy\" decoding=\"async\" width=\"512\" height=\"1024\" src=\"http:\/\/svetaobitelj.hr\/wp-content\/uploads\/2020\/10\/Slika-5-512x1024.jpg\" alt=\"\" class=\"wp-image-1574\" srcset=\"https:\/\/svetaobitelj.hr\/wp-content\/uploads\/2020\/10\/Slika-5-512x1024.jpg 512w, https:\/\/svetaobitelj.hr\/wp-content\/uploads\/2020\/10\/Slika-5-150x300.jpg 150w, https:\/\/svetaobitelj.hr\/wp-content\/uploads\/2020\/10\/Slika-5-768x1535.jpg 768w, https:\/\/svetaobitelj.hr\/wp-content\/uploads\/2020\/10\/Slika-5-769x1536.jpg 769w, https:\/\/svetaobitelj.hr\/wp-content\/uploads\/2020\/10\/Slika-5-1025x2048.jpg 1025w, https:\/\/svetaobitelj.hr\/wp-content\/uploads\/2020\/10\/Slika-5-scaled.jpg 1281w\" sizes=\"auto, (max-width: 512px) 100vw, 512px\" \/><\/figure>\n\n\n\n<p>Dolaskom hladnijeg vremena ne\u0107e vi\u0161e biti mogu\u0107e pratiti svetu misu s prostora ispred crkve. Uz pomo\u0107 na\u0161eg dobro\u010dinitelja, priredili smo prostor donje crkve, kako bi \u017eupljani putem videoprojekcije mogli pratiti prijenos svete mise iz gornje crkve. Ve\u0107 ove nedjelje mo\u0107i \u0107ete se uvjeriti u kvalitetu slike videoprijenosa, dok s tonom imamo jo\u0161 nekih manjih pote\u0161ko\u0107a, pa se nadamo da nam ne\u0107ete zamjeriti dok to ne rije\u0161imo.  Neizmjerno smo zahvalni \u0161to i u na\u0161oj \u017eupi postoje ljudi koji su spremni sudjelovati i nesebi\u010dno pomagati \u017eivot \u017eupe. Nadamo se da \u0107e ovakav na\u010din pra\u0107enja mise za\u017eivjeti kod na\u0161ih \u017eupljana, te \u0107emo i ovim primjerom pokazati svoju poslu\u0161nost na\u0161em nadbiskupu u provo\u0111enju mjera koje nam je on uputio. I u donjem dijelu crkve pazimo na fizi\u010dku distancu, obvezu dezinfekcije ruku i preporuku no\u0161enja maski. Molimo i dalje slu\u0161ajte redare. Vidimo se nedjeljom!<\/p>\n","protected":false},"excerpt":{"rendered":"<p>Dolaskom hladnijeg vremena ne\u0107e vi\u0161e biti mogu\u0107e pratiti svetu misu s prostora ispred crkve. Uz pomo\u0107 na\u0161eg dobro\u010dinitelja, priredili smo prostor donje crkve, kako bi \u017eupljani putem videoprojekcije mogli pratiti prijenos svete mise iz gornje crkve. Ve\u0107 ove nedjelje mo\u0107i \u0107ete se uvjeriti u kvalitetu slike videoprijenosa, dok s tonom imamo jo\u0161 nekih manjih pote\u0161ko\u0107a, <a href=\"https:\/\/svetaobitelj.hr\/?p=1571\" class=\"more-link\">[&hellip;]<\/a><\/p>\n","protected":false},"author":2,"featured_media":0,"comment_status":"closed","ping_status":"open","sticky":false,"template":"","format":"standard","meta":{"footnotes":""},"categories":[3],"tags":[],"class_list":["entry","author-","post-1571","post","type-post","status-publish","format-standard","category-zupa"],"_links":{"self":[{"href":"https:\/\/svetaobitelj.hr\/index.php?rest_route=\/wp\/v2\/posts\/1571","targetHints":{"allow":["GET"]}}],"collection":[{"href":"https:\/\/svetaobitelj.hr\/index.php?rest_route=\/wp\/v2\/posts"}],"about":[{"href":"https:\/\/svetaobitelj.hr\/index.php?rest_route=\/wp\/v2\/types\/post"}],"author":[{"embeddable":true,"href":"https:\/\/svetaobitelj.hr\/index.php?rest_route=\/wp\/v2\/users\/2"}],"replies":[{"embeddable":true,"href":"https:\/\/svetaobitelj.hr\/index.php?rest_route=%2Fwp%2Fv2%2Fcomments&post=1571"}],"version-history":[{"count":2,"href":"https:\/\/svetaobitelj.hr\/index.php?rest_route=\/wp\/v2\/posts\/1571\/revisions"}],"predecessor-version":[{"id":1575,"href":"https:\/\/svetaobitelj.hr\/index.php?rest_route=\/wp\/v2\/posts\/1571\/revisions\/1575"}],"wp:attachment":[{"href":"https:\/\/svetaobitelj.hr\/index.php?rest_route=%2Fwp%2Fv2%2Fmedia&parent=1571"}],"wp:term":[{"taxonomy":"category","embeddable":true,"href":"https:\/\/svetaobitelj.hr\/index.php?rest_route=%2Fwp%2Fv2%2Fcategories&post=1571"},{"taxonomy":"post_tag","embeddable":true,"href":"https:\/\/svetaobitelj.hr\/index.php?rest_route=%2Fwp%2Fv2%2Ftags&post=1571"}],"curies":[{"name":"wp","href":"https:\/\/api.w.org\/{rel}","templated":true}]}}