{"id":1567,"date":"2020-10-10T19:04:59","date_gmt":"2020-10-10T18:04:59","guid":{"rendered":"http:\/\/svetaobitelj.hr\/?p=1567"},"modified":"2020-10-10T19:05:41","modified_gmt":"2020-10-10T18:05:41","slug":"pripreme-za-misijski-mjesec","status":"publish","type":"post","link":"https:\/\/svetaobitelj.hr\/?p=1567","title":{"rendered":"Pripreme za misijski mjesec"},"content":{"rendered":"\n<figure class=\"wp-block-image size-large\"><img loading=\"lazy\" decoding=\"async\" width=\"1024\" height=\"1024\" src=\"http:\/\/svetaobitelj.hr\/wp-content\/uploads\/2020\/10\/Slika-4-1024x1024.jpg\" alt=\"\" class=\"wp-image-1568\" srcset=\"https:\/\/svetaobitelj.hr\/wp-content\/uploads\/2020\/10\/Slika-4-1024x1024.jpg 1024w, https:\/\/svetaobitelj.hr\/wp-content\/uploads\/2020\/10\/Slika-4-300x300.jpg 300w, https:\/\/svetaobitelj.hr\/wp-content\/uploads\/2020\/10\/Slika-4-150x150.jpg 150w, https:\/\/svetaobitelj.hr\/wp-content\/uploads\/2020\/10\/Slika-4-768x768.jpg 768w, https:\/\/svetaobitelj.hr\/wp-content\/uploads\/2020\/10\/Slika-4-1536x1536.jpg 1536w, https:\/\/svetaobitelj.hr\/wp-content\/uploads\/2020\/10\/Slika-4.jpg 1920w\" sizes=\"auto, (max-width: 1024px) 100vw, 1024px\" \/><\/figure>\n\n\n\n<p>Mjesec listopad je mjesec kada se prisje\u0107amo svih misionara koji \u0161irom svijeta navje\u0161\u0107uju Bo\u017eju rije\u010d i svojim djelima i nesebi\u010dnom \u017ertvom poma\u017eu potrebitima. Misijska skupina na\u0161e \u017eupe i ove godine na simboli\u010dan na\u010din obilje\u017eit \u0107e ovaj mjesec, po\u010dev\u0161i od ure\u0111enja prostora ispred oltara, te prigodnih \u0161krabica u koje \u017eupljani mogu dati svoje darove. Tjedan pred misijsku nedjelju obilje\u017een je \u010ditanjem tekstova na\u0161ih misionara. Svi smo pozvani biti produ\u017eene ruke misionarima, molitvom, darom i svije\u0161\u0107u o misijama.<\/p>\n","protected":false},"excerpt":{"rendered":"<p>Mjesec listopad je mjesec kada se prisje\u0107amo svih misionara koji \u0161irom svijeta navje\u0161\u0107uju Bo\u017eju rije\u010d i svojim djelima i nesebi\u010dnom \u017ertvom poma\u017eu potrebitima. Misijska skupina na\u0161e \u017eupe i ove godine na simboli\u010dan na\u010din obilje\u017eit \u0107e ovaj mjesec, po\u010dev\u0161i od ure\u0111enja prostora ispred oltara, te prigodnih \u0161krabica u koje \u017eupljani mogu dati svoje darove. Tjedan pred <a href=\"https:\/\/svetaobitelj.hr\/?p=1567\" class=\"more-link\">[&hellip;]<\/a><\/p>\n","protected":false},"author":2,"featured_media":0,"comment_status":"closed","ping_status":"open","sticky":false,"template":"","format":"standard","meta":{"footnotes":""},"categories":[3],"tags":[],"class_list":["entry","author-","post-1567","post","type-post","status-publish","format-standard","category-zupa"],"_links":{"self":[{"href":"https:\/\/svetaobitelj.hr\/index.php?rest_route=\/wp\/v2\/posts\/1567","targetHints":{"allow":["GET"]}}],"collection":[{"href":"https:\/\/svetaobitelj.hr\/index.php?rest_route=\/wp\/v2\/posts"}],"about":[{"href":"https:\/\/svetaobitelj.hr\/index.php?rest_route=\/wp\/v2\/types\/post"}],"author":[{"embeddable":true,"href":"https:\/\/svetaobitelj.hr\/index.php?rest_route=\/wp\/v2\/users\/2"}],"replies":[{"embeddable":true,"href":"https:\/\/svetaobitelj.hr\/index.php?rest_route=%2Fwp%2Fv2%2Fcomments&post=1567"}],"version-history":[{"count":1,"href":"https:\/\/svetaobitelj.hr\/index.php?rest_route=\/wp\/v2\/posts\/1567\/revisions"}],"predecessor-version":[{"id":1569,"href":"https:\/\/svetaobitelj.hr\/index.php?rest_route=\/wp\/v2\/posts\/1567\/revisions\/1569"}],"wp:attachment":[{"href":"https:\/\/svetaobitelj.hr\/index.php?rest_route=%2Fwp%2Fv2%2Fmedia&parent=1567"}],"wp:term":[{"taxonomy":"category","embeddable":true,"href":"https:\/\/svetaobitelj.hr\/index.php?rest_route=%2Fwp%2Fv2%2Fcategories&post=1567"},{"taxonomy":"post_tag","embeddable":true,"href":"https:\/\/svetaobitelj.hr\/index.php?rest_route=%2Fwp%2Fv2%2Ftags&post=1567"}],"curies":[{"name":"wp","href":"https:\/\/api.w.org\/{rel}","templated":true}]}}