{"id":1564,"date":"2020-10-10T18:54:50","date_gmt":"2020-10-10T17:54:50","guid":{"rendered":"http:\/\/svetaobitelj.hr\/?p=1564"},"modified":"2020-10-10T18:54:50","modified_gmt":"2020-10-10T17:54:50","slug":"sveti-franjo","status":"publish","type":"post","link":"https:\/\/svetaobitelj.hr\/?p=1564","title":{"rendered":"Sveti Franjo"},"content":{"rendered":"\n<p>Trodnevna priprava uvela nas je u proslavu blagdana svetoga Franje. Misno slavlje uo\u010di samog blagdana zapo\u010delo je obredima preminu\u0107a, koje je predvodio na\u0161 novi \u017eupni vikar fra Stjepan, uz sudjelovanje na\u0161eg doministra Stipe, ministre Ane, te tre\u0107oredica Tatjane i Mirte. Na taj na\u010din, skromno, ba\u0161 poput svetog Franje proslavili smo njegov dan u srcu i molitvi. Neka zagovor svetog Franje prati sve na\u0161e \u017eupljane da ustraju \u017eivjeti po njegovom primjeru.<\/p>\n\n\n\n<figure class=\"wp-block-image size-large\"><img loading=\"lazy\" decoding=\"async\" width=\"1024\" height=\"1024\" src=\"http:\/\/svetaobitelj.hr\/wp-content\/uploads\/2020\/10\/Slika-3-1024x1024.jpg\" alt=\"\" class=\"wp-image-1565\" srcset=\"https:\/\/svetaobitelj.hr\/wp-content\/uploads\/2020\/10\/Slika-3-1024x1024.jpg 1024w, https:\/\/svetaobitelj.hr\/wp-content\/uploads\/2020\/10\/Slika-3-300x300.jpg 300w, https:\/\/svetaobitelj.hr\/wp-content\/uploads\/2020\/10\/Slika-3-150x150.jpg 150w, https:\/\/svetaobitelj.hr\/wp-content\/uploads\/2020\/10\/Slika-3-768x768.jpg 768w, https:\/\/svetaobitelj.hr\/wp-content\/uploads\/2020\/10\/Slika-3-1536x1536.jpg 1536w, https:\/\/svetaobitelj.hr\/wp-content\/uploads\/2020\/10\/Slika-3.jpg 1920w\" sizes=\"auto, (max-width: 1024px) 100vw, 1024px\" \/><\/figure>\n","protected":false},"excerpt":{"rendered":"<p>Trodnevna priprava uvela nas je u proslavu blagdana svetoga Franje. Misno slavlje uo\u010di samog blagdana zapo\u010delo je obredima preminu\u0107a, koje je predvodio na\u0161 novi \u017eupni vikar fra Stjepan, uz sudjelovanje na\u0161eg doministra Stipe, ministre Ane, te tre\u0107oredica Tatjane i Mirte. Na taj na\u010din, skromno, ba\u0161 poput svetog Franje proslavili smo njegov dan u srcu i <a href=\"https:\/\/svetaobitelj.hr\/?p=1564\" class=\"more-link\">[&hellip;]<\/a><\/p>\n","protected":false},"author":2,"featured_media":0,"comment_status":"closed","ping_status":"open","sticky":false,"template":"","format":"standard","meta":{"footnotes":""},"categories":[3],"tags":[],"class_list":["entry","author-","post-1564","post","type-post","status-publish","format-standard","category-zupa"],"_links":{"self":[{"href":"https:\/\/svetaobitelj.hr\/index.php?rest_route=\/wp\/v2\/posts\/1564","targetHints":{"allow":["GET"]}}],"collection":[{"href":"https:\/\/svetaobitelj.hr\/index.php?rest_route=\/wp\/v2\/posts"}],"about":[{"href":"https:\/\/svetaobitelj.hr\/index.php?rest_route=\/wp\/v2\/types\/post"}],"author":[{"embeddable":true,"href":"https:\/\/svetaobitelj.hr\/index.php?rest_route=\/wp\/v2\/users\/2"}],"replies":[{"embeddable":true,"href":"https:\/\/svetaobitelj.hr\/index.php?rest_route=%2Fwp%2Fv2%2Fcomments&post=1564"}],"version-history":[{"count":1,"href":"https:\/\/svetaobitelj.hr\/index.php?rest_route=\/wp\/v2\/posts\/1564\/revisions"}],"predecessor-version":[{"id":1566,"href":"https:\/\/svetaobitelj.hr\/index.php?rest_route=\/wp\/v2\/posts\/1564\/revisions\/1566"}],"wp:attachment":[{"href":"https:\/\/svetaobitelj.hr\/index.php?rest_route=%2Fwp%2Fv2%2Fmedia&parent=1564"}],"wp:term":[{"taxonomy":"category","embeddable":true,"href":"https:\/\/svetaobitelj.hr\/index.php?rest_route=%2Fwp%2Fv2%2Fcategories&post=1564"},{"taxonomy":"post_tag","embeddable":true,"href":"https:\/\/svetaobitelj.hr\/index.php?rest_route=%2Fwp%2Fv2%2Ftags&post=1564"}],"curies":[{"name":"wp","href":"https:\/\/api.w.org\/{rel}","templated":true}]}}