{"id":1560,"date":"2020-10-10T18:38:39","date_gmt":"2020-10-10T17:38:39","guid":{"rendered":"http:\/\/svetaobitelj.hr\/?p=1560"},"modified":"2020-10-10T18:38:40","modified_gmt":"2020-10-10T17:38:40","slug":"prva-pricest-2","status":"publish","type":"post","link":"https:\/\/svetaobitelj.hr\/?p=1560","title":{"rendered":"Prva pri\u010dest"},"content":{"rendered":"\n<figure class=\"wp-block-image size-large\"><img loading=\"lazy\" decoding=\"async\" width=\"1024\" height=\"1024\" src=\"http:\/\/svetaobitelj.hr\/wp-content\/uploads\/2020\/10\/Slika1-1024x1024.jpg\" alt=\"\" class=\"wp-image-1561\" srcset=\"https:\/\/svetaobitelj.hr\/wp-content\/uploads\/2020\/10\/Slika1-1024x1024.jpg 1024w, https:\/\/svetaobitelj.hr\/wp-content\/uploads\/2020\/10\/Slika1-300x300.jpg 300w, https:\/\/svetaobitelj.hr\/wp-content\/uploads\/2020\/10\/Slika1-150x150.jpg 150w, https:\/\/svetaobitelj.hr\/wp-content\/uploads\/2020\/10\/Slika1-768x768.jpg 768w, https:\/\/svetaobitelj.hr\/wp-content\/uploads\/2020\/10\/Slika1-1536x1536.jpg 1536w, https:\/\/svetaobitelj.hr\/wp-content\/uploads\/2020\/10\/Slika1.jpg 1920w\" sizes=\"auto, (max-width: 1024px) 100vw, 1024px\" \/><\/figure>\n\n\n\n<p>Prva pri\u010dest u na\u0161oj \u017eupi, ove godine odr\u017eana je dana 03. listopada, pod posebnim uvjetima kroz tri svete mise. Nakon trogodi\u0161nje \u017eupne pripreme, svetu pri\u010dest primilo je ukupno 70 u\u010denika. Bogu smo zahvalni da su djeca u zajedni\u0161tvu s roditeljima dan prije prve pri\u010desti pristupila sakramentu svete ispovijedi, te da smo na ovako skroman, ali sve\u010dan na\u010din uspjeli organizirati prvopri\u010desni\u010dko slavlje.<\/p>\n\n\n\n<figure class=\"wp-block-image size-large\"><img loading=\"lazy\" decoding=\"async\" width=\"1024\" height=\"1024\" src=\"http:\/\/svetaobitelj.hr\/wp-content\/uploads\/2020\/10\/Slika-2-1024x1024.jpg\" alt=\"\" class=\"wp-image-1562\" srcset=\"https:\/\/svetaobitelj.hr\/wp-content\/uploads\/2020\/10\/Slika-2-1024x1024.jpg 1024w, https:\/\/svetaobitelj.hr\/wp-content\/uploads\/2020\/10\/Slika-2-300x300.jpg 300w, https:\/\/svetaobitelj.hr\/wp-content\/uploads\/2020\/10\/Slika-2-150x150.jpg 150w, https:\/\/svetaobitelj.hr\/wp-content\/uploads\/2020\/10\/Slika-2-768x768.jpg 768w, https:\/\/svetaobitelj.hr\/wp-content\/uploads\/2020\/10\/Slika-2-1536x1536.jpg 1536w, https:\/\/svetaobitelj.hr\/wp-content\/uploads\/2020\/10\/Slika-2.jpg 1920w\" sizes=\"auto, (max-width: 1024px) 100vw, 1024px\" \/><\/figure>\n","protected":false},"excerpt":{"rendered":"<p>Prva pri\u010dest u na\u0161oj \u017eupi, ove godine odr\u017eana je dana 03. listopada, pod posebnim uvjetima kroz tri svete mise. Nakon trogodi\u0161nje \u017eupne pripreme, svetu pri\u010dest primilo je ukupno 70 u\u010denika. Bogu smo zahvalni da su djeca u zajedni\u0161tvu s roditeljima dan prije prve pri\u010desti pristupila sakramentu svete ispovijedi, te da smo na ovako skroman, ali <a href=\"https:\/\/svetaobitelj.hr\/?p=1560\" class=\"more-link\">[&hellip;]<\/a><\/p>\n","protected":false},"author":2,"featured_media":0,"comment_status":"closed","ping_status":"open","sticky":false,"template":"","format":"standard","meta":{"footnotes":""},"categories":[3],"tags":[],"class_list":["entry","author-","post-1560","post","type-post","status-publish","format-standard","category-zupa"],"_links":{"self":[{"href":"https:\/\/svetaobitelj.hr\/index.php?rest_route=\/wp\/v2\/posts\/1560","targetHints":{"allow":["GET"]}}],"collection":[{"href":"https:\/\/svetaobitelj.hr\/index.php?rest_route=\/wp\/v2\/posts"}],"about":[{"href":"https:\/\/svetaobitelj.hr\/index.php?rest_route=\/wp\/v2\/types\/post"}],"author":[{"embeddable":true,"href":"https:\/\/svetaobitelj.hr\/index.php?rest_route=\/wp\/v2\/users\/2"}],"replies":[{"embeddable":true,"href":"https:\/\/svetaobitelj.hr\/index.php?rest_route=%2Fwp%2Fv2%2Fcomments&post=1560"}],"version-history":[{"count":1,"href":"https:\/\/svetaobitelj.hr\/index.php?rest_route=\/wp\/v2\/posts\/1560\/revisions"}],"predecessor-version":[{"id":1563,"href":"https:\/\/svetaobitelj.hr\/index.php?rest_route=\/wp\/v2\/posts\/1560\/revisions\/1563"}],"wp:attachment":[{"href":"https:\/\/svetaobitelj.hr\/index.php?rest_route=%2Fwp%2Fv2%2Fmedia&parent=1560"}],"wp:term":[{"taxonomy":"category","embeddable":true,"href":"https:\/\/svetaobitelj.hr\/index.php?rest_route=%2Fwp%2Fv2%2Fcategories&post=1560"},{"taxonomy":"post_tag","embeddable":true,"href":"https:\/\/svetaobitelj.hr\/index.php?rest_route=%2Fwp%2Fv2%2Ftags&post=1560"}],"curies":[{"name":"wp","href":"https:\/\/api.w.org\/{rel}","templated":true}]}}