{"id":1558,"date":"2020-10-10T09:52:03","date_gmt":"2020-10-10T08:52:03","guid":{"rendered":"http:\/\/svetaobitelj.hr\/?p=1558"},"modified":"2020-10-10T09:52:03","modified_gmt":"2020-10-10T08:52:03","slug":"zupne-obavijesti-28-nedjelja-kroz-godinu-3","status":"publish","type":"post","link":"https:\/\/svetaobitelj.hr\/?p=1558","title":{"rendered":"\u017dupne obavijesti: 28. nedjelja kroz godinu"},"content":{"rendered":"\n<ul class=\"wp-block-list\"><li><strong>Slavimo dvadeset i osmu nedjelju kroz godinu. Redoviti susret Mjesnoga bratstva OFS-a je u 16:30 sati. Zbog sve hladnijeg vremena odre\u0111eni broj na\u0161ih vjernika (40) mo\u0107i \u0107e biti za vrijeme euharistijskih slavlja u donjem dijelu crkve gdje \u0107e biti omogu\u0107eno pratiti svetu misu preko video prijenosa. Potrebno je i dalje dezinficirati ruke, paziti na fizi\u010dku distancu, slu\u0161anje na\u0161ih redara i preporu\u010duje se no\u0161enje maski. Ujedno zahvaljujemo dobro\u010dinitelju koji je omogu\u0107io video nadzor oko crkve te ovaj video prijenos u crkvi.<\/strong><\/li><\/ul>\n\n\n\n<ul class=\"wp-block-list\"><li><strong>Kroz mjesec listopad osobito se\nsje\u0107amo misija i misionara pa skupljamo nov\u010dane priloge za misije koje mo\u017eete\ndati u \u0161krabicu na izlazu iz crkve ili u \u017eupnom uredu u uredovno vrijeme. Ovaj\n\u0107emo tjedan pod ve\u010dernjim svetim misama osobito moliti za misije i misionare uz\nrazmi\u0161ljanja i iskustva na\u0161ih misionara diljem svijeta. <\/strong><\/li><\/ul>\n\n\n\n<ul class=\"wp-block-list\"><li><strong>Sutra je biblijski sat nakon\nve\u010dernje svete mise. <\/strong><\/li><\/ul>\n\n\n\n<ul class=\"wp-block-list\"><li><strong>U srijedu je nakon ve\u010dernje svete\nmise susret \u010dlanova udruge Vojske Bezgre\u0161ne.<\/strong><\/li><\/ul>\n\n\n\n<ul class=\"wp-block-list\"><li><strong>U \u010detvrtak je klanjanje pred\nPresvetim nakon ve\u010dernje svete mise.<\/strong><\/li><\/ul>\n\n\n\n<ul class=\"wp-block-list\"><li><strong>Sljede\u0107e nedjelje slavimo dvadeset\ni devetu nedjelju kroz godinu. Pretposljednja je nedjelja u listopadu pa\nslavimo Misijsku nedjelju kada svojim molitvama i nov\u010danim prilozima poma\u017eemo\nmisijsko djelovanje Crkve u svijetu.<\/strong><\/li><\/ul>\n\n\n\n<ul class=\"wp-block-list\"><li><strong>Ovogodi\u0161nji katekumenat (priprava odraslih za\nprimanje sakramenata kr\u0161\u0107anske inicijacije) zapo\u010dinje 13. listopada u 19 sati u\nvjeronau\u010dnoj dvorani \u017eupe Sv. Mihaela u Osijeku. Nije se potrebno unaprijed\nprijavljivati, nego je dovoljno do\u0107i na prvi susret kada \u0107e biti i upis. <\/strong><\/li><\/ul>\n\n\n\n<ul class=\"wp-block-list\"><li><strong>Na oglasnoj plo\u010di imate najave Instituta za novu\nevangelizaciju \u201eSveti Ivan Pavao II.\u201c za biblijske i socijalne tribine,\nbiblijsko-molitvene ve\u010deri i obiteljske \u010detvrtke koji \u0107e biti odr\u017eani u\nVikarijatu u Osijeku.<\/strong><\/li><\/ul>\n\n\n\n<ul class=\"wp-block-list\"><li><strong>Molimo sve vas koji jo\u0161 nemate\n\u017eupnu obiteljsku knji\u017eicu ili je potrebno upisati promjene u postoje\u0107e, da se\njavite u \u017eupni ured. <\/strong><\/li><\/ul>\n\n\n\n<ul class=\"wp-block-list\"><li><strong>Roditeljski sastanak za roditelje ovogodi\u0161njih u\u010denika tre\u0107ih razreda osnovnih \u0161kola bit \u0107e 20. listopada u 19:00 sati, a za roditelje ovogodi\u0161njih u\u010denika drugih razreda srednjih \u0161kola bit \u0107e 21. listopada u 19:00 sati.<\/strong><\/li><\/ul>\n\n\n\n<ul class=\"wp-block-list\"><li><strong>Kupujte i \u010ditajte vjerski tisak. U sakristiji i \u017eupnom uredu mo\u017eete kupiti kalendare za 2021. godinu.<\/strong><\/li><\/ul>\n","protected":false},"excerpt":{"rendered":"<p>Slavimo dvadeset i osmu nedjelju kroz godinu. Redoviti susret Mjesnoga bratstva OFS-a je u 16:30 sati. Zbog sve hladnijeg vremena odre\u0111eni broj na\u0161ih vjernika (40) mo\u0107i \u0107e biti za vrijeme euharistijskih slavlja u donjem dijelu crkve gdje \u0107e biti omogu\u0107eno pratiti svetu misu preko video prijenosa. Potrebno je i dalje dezinficirati ruke, paziti na fizi\u010dku <a href=\"https:\/\/svetaobitelj.hr\/?p=1558\" class=\"more-link\">[&hellip;]<\/a><\/p>\n","protected":false},"author":2,"featured_media":0,"comment_status":"closed","ping_status":"open","sticky":false,"template":"","format":"standard","meta":{"footnotes":""},"categories":[3],"tags":[],"class_list":["entry","author-","post-1558","post","type-post","status-publish","format-standard","category-zupa"],"_links":{"self":[{"href":"https:\/\/svetaobitelj.hr\/index.php?rest_route=\/wp\/v2\/posts\/1558","targetHints":{"allow":["GET"]}}],"collection":[{"href":"https:\/\/svetaobitelj.hr\/index.php?rest_route=\/wp\/v2\/posts"}],"about":[{"href":"https:\/\/svetaobitelj.hr\/index.php?rest_route=\/wp\/v2\/types\/post"}],"author":[{"embeddable":true,"href":"https:\/\/svetaobitelj.hr\/index.php?rest_route=\/wp\/v2\/users\/2"}],"replies":[{"embeddable":true,"href":"https:\/\/svetaobitelj.hr\/index.php?rest_route=%2Fwp%2Fv2%2Fcomments&post=1558"}],"version-history":[{"count":1,"href":"https:\/\/svetaobitelj.hr\/index.php?rest_route=\/wp\/v2\/posts\/1558\/revisions"}],"predecessor-version":[{"id":1559,"href":"https:\/\/svetaobitelj.hr\/index.php?rest_route=\/wp\/v2\/posts\/1558\/revisions\/1559"}],"wp:attachment":[{"href":"https:\/\/svetaobitelj.hr\/index.php?rest_route=%2Fwp%2Fv2%2Fmedia&parent=1558"}],"wp:term":[{"taxonomy":"category","embeddable":true,"href":"https:\/\/svetaobitelj.hr\/index.php?rest_route=%2Fwp%2Fv2%2Fcategories&post=1558"},{"taxonomy":"post_tag","embeddable":true,"href":"https:\/\/svetaobitelj.hr\/index.php?rest_route=%2Fwp%2Fv2%2Ftags&post=1558"}],"curies":[{"name":"wp","href":"https:\/\/api.w.org\/{rel}","templated":true}]}}