{"id":1555,"date":"2020-10-03T13:56:08","date_gmt":"2020-10-03T12:56:08","guid":{"rendered":"http:\/\/svetaobitelj.hr\/?p=1555"},"modified":"2020-10-03T13:56:09","modified_gmt":"2020-10-03T12:56:09","slug":"zupne-obavijesti-27-nedjelja-kroz-godinu-3","status":"publish","type":"post","link":"https:\/\/svetaobitelj.hr\/?p=1555","title":{"rendered":"\u017dupne obavijesti. 27. nedjelja kroz godinu"},"content":{"rendered":"\n<ul class=\"wp-block-list\"><li><strong>Slavimo dvadeset i sedmu nedjelju kroz godinu. Blagdan je sv. Franje Asi\u0161koga, utemeljitelja triju franjeva\u010dkih redova. Prva je nedjelja u mjesecu kada se svojim molitvama i nov\u010danim prilozima sje\u0107amo na\u0161ih odgojnih ustanova te molimo za duhovna zvanja. Milostinja dana\u0161nje nedjelje ide za \u201ePetrov nov\u010di\u0107\u201c prema odluci Svete Stolice. Time pokazujemo solidarnost i potporu Svetom Ocu osobito u trenucima posebnih potreba. Kroz ovaj mjesec listopad osobito se sje\u0107amo misija i misionara pa skupljamo nov\u010dane priloge za misije koje mo\u017eete dati u \u0161krabicu na izlazu iz crkve ili u \u017eupnom uredu u uredovno vrijeme.<\/strong><\/li><\/ul>\n\n\n\n<ul class=\"wp-block-list\"><li><strong>Zbog sve hladnijeg vremena\nodre\u0111eni broj na\u0161ih vjernika (40) mo\u0107i \u0107e biti od sljede\u0107e nedjelje za vrijeme\neuharistijskih slavlja u donjem dijelu crkve gdje \u0107e biti omogu\u0107eno pratiti\nsvetu misu preko video prijenosa. Potrebno je i dalje dezinficirati ruke,\npaziti na fizi\u010dku distancu, slu\u0161anje na\u0161ih redara i preporu\u010duje se no\u0161enje\nmaski. Ujedno zahvaljujemo dobro\u010dinitelju koji je omogu\u0107io video nadzor oko\ncrkve te ovaj video prijenos u crkvi.<\/strong><\/li><\/ul>\n\n\n\n<ul class=\"wp-block-list\"><li><strong>Sutra je biblijski sat nakon\nve\u010dernje svete mise. <\/strong><\/li><\/ul>\n\n\n\n<ul class=\"wp-block-list\"><li><strong>U srijedu je susret \u010dita\u010da nakon\nve\u010dernje svete mise.<\/strong><\/li><\/ul>\n\n\n\n<ul class=\"wp-block-list\"><li><strong>U \u010detvrtak je klanjanje pred\nPresvetim nakon ve\u010dernje svete mise. <\/strong><\/li><\/ul>\n\n\n\n<ul class=\"wp-block-list\"><li><strong>U petak je u 18:15 sati pobo\u017enost\nbl. Mariji Petkovi\u0107. <\/strong><\/li><\/ul>\n\n\n\n<ul class=\"wp-block-list\"><li><strong>U subotu je redoviti sastanak\nministranata u 11:00 sati.<\/strong><\/li><\/ul>\n\n\n\n<ul class=\"wp-block-list\"><li><strong>Sljede\u0107e nedjelje slavimo dvadeset\ni osmu nedjelju kroz godinu. Mjese\u010dni susret Mjesnoga bratstva OFS-a bit \u0107e u\n16:30 sati.<\/strong><\/li><\/ul>\n\n\n\n<ul class=\"wp-block-list\"><li><strong>Ovogodi\u0161nji katekumenat (priprava odraslih za\nprimanje sakramenata kr\u0161\u0107anske inicijacije) zapo\u010dinje 13. listopada u 19 sati u\nvjeronau\u010dnoj dvorani \u017eupe Sv. Mihaela u Osijeku. Nije se potrebno unaprijed\nprijavljivati, nego je dovoljno do\u0107i na prvi susret kada \u0107e biti i upis. <\/strong><\/li><\/ul>\n\n\n\n<ul class=\"wp-block-list\"><li><strong>Molimo sve vas koji jo\u0161 nemate \u017eupnu obiteljsku knji\u017eicu ili je potrebno upisati promjene u postoje\u0107e, da se javite u \u017eupni ured. <\/strong><\/li><\/ul>\n\n\n\n<ul class=\"wp-block-list\"><li><strong>Roditeljski sastanak za roditelje ovogodi\u0161njih u\u010denika tre\u0107ih razreda osnovnih \u0161kola bit \u0107e 20. listopada u 19:00 sati, a za roditelje ovogodi\u0161njih u\u010denika drugih razreda srednjih \u0161kola bit \u0107e 21. listopada u 19:00 sati.<\/strong><\/li><\/ul>\n\n\n\n<ul class=\"wp-block-list\"><li><strong>Kupujte i \u010ditajte vjerski tisak. U sakristiji i \u017eupnom uredu mo\u017eete kupiti kalendare za 2021. godinu.<\/strong><\/li><\/ul>\n","protected":false},"excerpt":{"rendered":"<p>Slavimo dvadeset i sedmu nedjelju kroz godinu. Blagdan je sv. Franje Asi\u0161koga, utemeljitelja triju franjeva\u010dkih redova. Prva je nedjelja u mjesecu kada se svojim molitvama i nov\u010danim prilozima sje\u0107amo na\u0161ih odgojnih ustanova te molimo za duhovna zvanja. Milostinja dana\u0161nje nedjelje ide za \u201ePetrov nov\u010di\u0107\u201c prema odluci Svete Stolice. Time pokazujemo solidarnost i potporu Svetom Ocu <a href=\"https:\/\/svetaobitelj.hr\/?p=1555\" class=\"more-link\">[&hellip;]<\/a><\/p>\n","protected":false},"author":2,"featured_media":0,"comment_status":"closed","ping_status":"open","sticky":false,"template":"","format":"standard","meta":{"footnotes":""},"categories":[3],"tags":[],"class_list":["entry","author-","post-1555","post","type-post","status-publish","format-standard","category-zupa"],"_links":{"self":[{"href":"https:\/\/svetaobitelj.hr\/index.php?rest_route=\/wp\/v2\/posts\/1555","targetHints":{"allow":["GET"]}}],"collection":[{"href":"https:\/\/svetaobitelj.hr\/index.php?rest_route=\/wp\/v2\/posts"}],"about":[{"href":"https:\/\/svetaobitelj.hr\/index.php?rest_route=\/wp\/v2\/types\/post"}],"author":[{"embeddable":true,"href":"https:\/\/svetaobitelj.hr\/index.php?rest_route=\/wp\/v2\/users\/2"}],"replies":[{"embeddable":true,"href":"https:\/\/svetaobitelj.hr\/index.php?rest_route=%2Fwp%2Fv2%2Fcomments&post=1555"}],"version-history":[{"count":1,"href":"https:\/\/svetaobitelj.hr\/index.php?rest_route=\/wp\/v2\/posts\/1555\/revisions"}],"predecessor-version":[{"id":1556,"href":"https:\/\/svetaobitelj.hr\/index.php?rest_route=\/wp\/v2\/posts\/1555\/revisions\/1556"}],"wp:attachment":[{"href":"https:\/\/svetaobitelj.hr\/index.php?rest_route=%2Fwp%2Fv2%2Fmedia&parent=1555"}],"wp:term":[{"taxonomy":"category","embeddable":true,"href":"https:\/\/svetaobitelj.hr\/index.php?rest_route=%2Fwp%2Fv2%2Fcategories&post=1555"},{"taxonomy":"post_tag","embeddable":true,"href":"https:\/\/svetaobitelj.hr\/index.php?rest_route=%2Fwp%2Fv2%2Ftags&post=1555"}],"curies":[{"name":"wp","href":"https:\/\/api.w.org\/{rel}","templated":true}]}}