{"id":1523,"date":"2020-09-26T17:56:21","date_gmt":"2020-09-26T16:56:21","guid":{"rendered":"http:\/\/svetaobitelj.hr\/?p=1523"},"modified":"2020-09-26T17:56:21","modified_gmt":"2020-09-26T16:56:21","slug":"zupne-obavijesti-26-nedjelja-kroz-godinu-3","status":"publish","type":"post","link":"https:\/\/svetaobitelj.hr\/?p=1523","title":{"rendered":"\u017dupne obavijesti: 26. nedjelja kroz godinu"},"content":{"rendered":"\n<ul class=\"wp-block-list\"><li><strong>Slavimo dvadeset i \u0161estu nedjelju kroz godinu. Na\u0161 \u017eupljanin i ministrant Domagoj Ivan\u010di\u0107 primljen je u Bogoslovno sjemeni\u0161te u \u0110akovu kao sve\u0107eni\u010dki pripravnik \u0110akova\u010dko-osje\u010dke nadbiskupije. Zahvalni smo Bogu za njegovo duhovno zvanje ujedno mole\u0107i za njega i njegovu ustrajnost na putu prema sve\u0107eni\u0161tvu. <\/strong><\/li><\/ul>\n\n\n\n<ul class=\"wp-block-list\"><li><strong>Sutra je biblijski sat nakon\nve\u010dernje svete mise. U utorak slavimo blagdan svetih arkan\u0111ela Mihaela,\nGabrijela i Rafaela. Svete mise su u 7:30 i 18:30 sati. U srijedu je redoviti\nsastanak \u017eupnih vije\u0107a u 19:30 sati. U \u010detvrtak zapo\u010dinje ve\u010dernjom svetom\nmisom trodnevnica za blagdan svetoga Franje Asi\u0161koga. Nakon ve\u010dernje svete mise\nbit \u0107e klanjanje pred Presvetim. U petak zapo\u010dinje pobo\u017enost devet prvih petaka\nna \u010dast Srcu Isusovom u 18:00 sati. U subotu pod ve\u010dernjom svetom misom bit \u0107e\nObred preminu\u0107a sv. Franje Asi\u0161koga te molimo za&nbsp; duhovna zvanja.<\/strong><\/li><\/ul>\n\n\n\n<ul class=\"wp-block-list\"><li><strong>Sljede\u0107e nedjelje slavimo dvadeset\ni sedmu nedjelju kroz godinu, a slavimo i blagdan sv. Franje Asi\u0161koga, utemeljitelja\ntriju franjeva\u010dkih redova. Ujedno je prva nedjelja u mjesecu kada se svojim\nmolitvama i nov\u010danim prilozima sje\u0107amo na\u0161ih odgojnih ustanova te molimo za\nduhovna zvanja. Milostinja sljede\u0107e nedjelje ide za \u201ePetrov nov\u010di\u0107\u201c prema\nodluci Svete Stolice. Time pokazujemo solidarnost i potporu Svetom Ocu osobito\nu trenucima posebnih potreba. Pod jutarnjom svetom misom molit \u0107emo za\ndobro\u010dinitelje ove na\u0161e crkve i samostana. Pred nama je mjesec listopad kada se\nosobito sje\u0107amo misija i misionara pa \u0107emo skupljati nov\u010dane priloge za misije\nkoje \u0107ete mo\u0107i davati u \u0161krabicu na izlazu iz crkve ili u \u017eupnom uredu u\nuredovno vrijeme. Mjese\u010dni susret Mjesnoga bratstva OFS-a bit \u0107e 11. listopada\nu 16:30 sati.<\/strong><\/li><\/ul>\n\n\n\n<ul class=\"wp-block-list\"><li><strong>Ovogodi\u0161nji katekumenat (priprava odraslih za\nprimanje sakramenata kr\u0161\u0107anske inicijacije) zapo\u010dinje 13. listopada u 19 sati u\nvjeronau\u010dnoj dvorani \u017eupe Sv. Mihaela u Osijeku. Nije se potrebno unaprijed\nprijavljivati, nego je dovoljno do\u0107i na prvi susret kada \u0107e biti i upis. <\/strong><\/li><\/ul>\n\n\n\n<ul class=\"wp-block-list\"><li><strong>Molimo sve vas koji jo\u0161 nemate\n\u017eupnu obiteljsku knji\u017eicu ili je potrebno upisati promjene u postoje\u0107e, da se\njavite u \u017eupni ured. <\/strong><\/li><\/ul>\n\n\n\n<ul class=\"wp-block-list\"><li><strong>Protekli tjedan primali smo\nprijave za \u017eupne kateheze. Prijavilo se: prvi razredi osnovnih \u0161kola 41 u\u010denik,\ndrugi razredi osnovnih \u0161kola 26, tre\u0107i razredi osnovnih \u0161kola 66, osmi razredi\nosnovnih \u0161kola 64, prvi razredi srednjih \u0161kola 31, drugi razredi srednjih \u0161kola\n45. Uskoro \u0107emo napraviti raspored \u017eupnih kateheza. Roditeljski sastanak za\nroditelje ovogodi\u0161njih u\u010denika tre\u0107ih razreda osnovnih \u0161kola bit \u0107e 20.\nlistopada u 19:00 sati, a za roditelje ovogodi\u0161njih u\u010denika drugih razreda\nsrednjih \u0161kola bit \u0107e 21. listopada u 19:00 sati.<\/strong><\/li><\/ul>\n\n\n\n<ul class=\"wp-block-list\"><li><strong>Kupujte i \u010ditajte vjerski tisak. U\nsakristiji i \u017eupnom uredu mo\u017eete kupiti kalendare za 2021. godinu.<\/strong><\/li><\/ul>\n","protected":false},"excerpt":{"rendered":"<p>Slavimo dvadeset i \u0161estu nedjelju kroz godinu. Na\u0161 \u017eupljanin i ministrant Domagoj Ivan\u010di\u0107 primljen je u Bogoslovno sjemeni\u0161te u \u0110akovu kao sve\u0107eni\u010dki pripravnik \u0110akova\u010dko-osje\u010dke nadbiskupije. Zahvalni smo Bogu za njegovo duhovno zvanje ujedno mole\u0107i za njega i njegovu ustrajnost na putu prema sve\u0107eni\u0161tvu. Sutra je biblijski sat nakon ve\u010dernje svete mise. U utorak slavimo blagdan <a href=\"https:\/\/svetaobitelj.hr\/?p=1523\" class=\"more-link\">[&hellip;]<\/a><\/p>\n","protected":false},"author":2,"featured_media":0,"comment_status":"closed","ping_status":"open","sticky":false,"template":"","format":"standard","meta":{"footnotes":""},"categories":[3],"tags":[],"class_list":["entry","author-","post-1523","post","type-post","status-publish","format-standard","category-zupa"],"_links":{"self":[{"href":"https:\/\/svetaobitelj.hr\/index.php?rest_route=\/wp\/v2\/posts\/1523","targetHints":{"allow":["GET"]}}],"collection":[{"href":"https:\/\/svetaobitelj.hr\/index.php?rest_route=\/wp\/v2\/posts"}],"about":[{"href":"https:\/\/svetaobitelj.hr\/index.php?rest_route=\/wp\/v2\/types\/post"}],"author":[{"embeddable":true,"href":"https:\/\/svetaobitelj.hr\/index.php?rest_route=\/wp\/v2\/users\/2"}],"replies":[{"embeddable":true,"href":"https:\/\/svetaobitelj.hr\/index.php?rest_route=%2Fwp%2Fv2%2Fcomments&post=1523"}],"version-history":[{"count":1,"href":"https:\/\/svetaobitelj.hr\/index.php?rest_route=\/wp\/v2\/posts\/1523\/revisions"}],"predecessor-version":[{"id":1524,"href":"https:\/\/svetaobitelj.hr\/index.php?rest_route=\/wp\/v2\/posts\/1523\/revisions\/1524"}],"wp:attachment":[{"href":"https:\/\/svetaobitelj.hr\/index.php?rest_route=%2Fwp%2Fv2%2Fmedia&parent=1523"}],"wp:term":[{"taxonomy":"category","embeddable":true,"href":"https:\/\/svetaobitelj.hr\/index.php?rest_route=%2Fwp%2Fv2%2Fcategories&post=1523"},{"taxonomy":"post_tag","embeddable":true,"href":"https:\/\/svetaobitelj.hr\/index.php?rest_route=%2Fwp%2Fv2%2Ftags&post=1523"}],"curies":[{"name":"wp","href":"https:\/\/api.w.org\/{rel}","templated":true}]}}