{"id":1521,"date":"2020-09-19T11:05:40","date_gmt":"2020-09-19T10:05:40","guid":{"rendered":"http:\/\/svetaobitelj.hr\/?p=1521"},"modified":"2020-09-19T11:05:41","modified_gmt":"2020-09-19T10:05:41","slug":"zupne-obavijesti-25-nedjelja-kroz-godinu-3","status":"publish","type":"post","link":"https:\/\/svetaobitelj.hr\/?p=1521","title":{"rendered":"\u017dupne obavijesti: 25. nedjelja kroz godinu"},"content":{"rendered":"\n<ul class=\"wp-block-list\"><li><strong>Slavimo dvadeset i petu nedjelju kroz godinu. Od sutra pa do srijede prijave su u \u017eupnom uredu za one koji \u017eele primiti sakramente pomirenja, pri\u010desti i potvrde (u\u010denici 3. razreda osnovne i 2. razreda srednje \u0161kole koji su ve\u0107 imali dvije pripravne godine \u017eupne kateheze), te svi ostali koji su obvezni i\u0107i na kateheze (1., 2. i 8. razredi osnovnih \u0161kola i 1. razredi srednjih \u0161kola) od 9 &#8211; 11 i od 16 &#8211; 18 sati. Obvezno prilikom prijave donijeti \u017eupnu obiteljsku knji\u017eicu. <\/strong><\/li><\/ul>\n\n\n\n<ul class=\"wp-block-list\"><li><strong>U utorak je nakon ve\u010dernje svete mise susret \u010dlanova\nna\u0161e misijske skupine. <\/strong><\/li><\/ul>\n\n\n\n<ul class=\"wp-block-list\"><li><strong>U \u010detvrtak je nakon ve\u010dernje svete mise klanjanje\npred Presvetim, a u petak je susret molitvene zajednice nakon ve\u010dernje svete\nmise.<\/strong><\/li><\/ul>\n\n\n\n<ul class=\"wp-block-list\"><li><strong>Sljede\u0107e nedjelje slavimo dvadeset\ni \u0161estu nedjelju kroz godinu. <\/strong><\/li><\/ul>\n\n\n\n<ul class=\"wp-block-list\"><li><strong>Zahvaljujemo svima koji ste\ndarovali nov\u010dane priloge za obnovu crkve i samostana u Zagrebu na Kaptolu. Pred\nnama je mjesec listopad kada se osobito sje\u0107amo misija i misionara pa \u0107emo\nskupljati nov\u010dane priloge za misije koje \u0107ete mo\u0107i davati u \u0161krabicu na izlazu\niz crkve ili u \u017eupnom uredu u uredovno vrijeme.<\/strong><\/li><\/ul>\n\n\n\n<ul class=\"wp-block-list\"><li><strong>Ovogodi\u0161nji katekumenat (priprava odraslih za\nprimanje sakramenata kr\u0161\u0107anske inicijacije kr\u0161tenja, potvrde i pri\u010desti)&nbsp; zapo\u010dinje 13. listopada u 19 sati u\nvjeronau\u010dnoj dvorani \u017eupe Sv. Mihaela u Osijeku. Nije se potrebno unaprijed\nprijavljivati, nego je dovoljno do\u0107i na prvi susret kada \u0107e biti i upis. <\/strong><\/li><\/ul>\n\n\n\n<ul class=\"wp-block-list\"><li><strong>Molimo sve vas koji jo\u0161 nemate\n\u017eupnu obiteljsku knji\u017eicu ili je potrebno upisati promjene u postoje\u0107e, da se\njavite u \u017eupni ured. <\/strong><\/li><\/ul>\n\n\n\n<ul class=\"wp-block-list\"><li><strong>Podsje\u0107amo vas da jo\u0161 uvijek\nvrijede posebni uvjeti pona\u0161anja u crkvenim prostorima u vrijeme pandemije\nkoronavirusa (dezinfekcija ruku, tjelesna udaljenost jedni od drugih, pri\u010dest\nna ruku, po\u0161tivanje ulaska i izlaska iz crkve, preporuka no\u0161enja maski u\nzatvorenim prostorima i sl.). \u017dao nam je \u0161to su pojedini \u201eposjetitelji\u201c ove\nna\u0161e crkve neugodni i drski, ujedno i neposlu\u0161ni odlukama na\u0161ega nadbiskupa. Od\npo\u010detaka ovih izvanrednih mjera u na\u0161oj su crkvi redari prema kojima smo\nposlu\u0161ni i koji nas upu\u0107uju gdje i kako smijemo biti i na koji se na\u010din\npona\u0161ati paze\u0107i jedni na druge. Zaista je \u010dudno kako to pojedinci ne shva\u0107aju\nili u svojoj zlobnosti namjerno stvaraju neugodne situacije \u010dime prvotno\npokazuju nekulturu, a onda i nepo\u0161tivanje crkvenih i dr\u017eavnih vlasti. <\/strong><\/li><\/ul>\n\n\n\n<ul class=\"wp-block-list\"><li><strong>Kupujte i \u010ditajte vjerski tisak. <\/strong><\/li><\/ul>\n","protected":false},"excerpt":{"rendered":"<p>Slavimo dvadeset i petu nedjelju kroz godinu. Od sutra pa do srijede prijave su u \u017eupnom uredu za one koji \u017eele primiti sakramente pomirenja, pri\u010desti i potvrde (u\u010denici 3. razreda osnovne i 2. razreda srednje \u0161kole koji su ve\u0107 imali dvije pripravne godine \u017eupne kateheze), te svi ostali koji su obvezni i\u0107i na kateheze (1., <a href=\"https:\/\/svetaobitelj.hr\/?p=1521\" class=\"more-link\">[&hellip;]<\/a><\/p>\n","protected":false},"author":2,"featured_media":0,"comment_status":"closed","ping_status":"open","sticky":false,"template":"","format":"standard","meta":{"footnotes":""},"categories":[3],"tags":[],"class_list":["entry","author-","post-1521","post","type-post","status-publish","format-standard","category-zupa"],"_links":{"self":[{"href":"https:\/\/svetaobitelj.hr\/index.php?rest_route=\/wp\/v2\/posts\/1521","targetHints":{"allow":["GET"]}}],"collection":[{"href":"https:\/\/svetaobitelj.hr\/index.php?rest_route=\/wp\/v2\/posts"}],"about":[{"href":"https:\/\/svetaobitelj.hr\/index.php?rest_route=\/wp\/v2\/types\/post"}],"author":[{"embeddable":true,"href":"https:\/\/svetaobitelj.hr\/index.php?rest_route=\/wp\/v2\/users\/2"}],"replies":[{"embeddable":true,"href":"https:\/\/svetaobitelj.hr\/index.php?rest_route=%2Fwp%2Fv2%2Fcomments&post=1521"}],"version-history":[{"count":1,"href":"https:\/\/svetaobitelj.hr\/index.php?rest_route=\/wp\/v2\/posts\/1521\/revisions"}],"predecessor-version":[{"id":1522,"href":"https:\/\/svetaobitelj.hr\/index.php?rest_route=\/wp\/v2\/posts\/1521\/revisions\/1522"}],"wp:attachment":[{"href":"https:\/\/svetaobitelj.hr\/index.php?rest_route=%2Fwp%2Fv2%2Fmedia&parent=1521"}],"wp:term":[{"taxonomy":"category","embeddable":true,"href":"https:\/\/svetaobitelj.hr\/index.php?rest_route=%2Fwp%2Fv2%2Fcategories&post=1521"},{"taxonomy":"post_tag","embeddable":true,"href":"https:\/\/svetaobitelj.hr\/index.php?rest_route=%2Fwp%2Fv2%2Ftags&post=1521"}],"curies":[{"name":"wp","href":"https:\/\/api.w.org\/{rel}","templated":true}]}}