{"id":1518,"date":"2020-09-12T09:04:37","date_gmt":"2020-09-12T08:04:37","guid":{"rendered":"http:\/\/svetaobitelj.hr\/?p=1518"},"modified":"2020-09-12T09:04:38","modified_gmt":"2020-09-12T08:04:38","slug":"zupne-obavijesti-24-nedjelja-kroz-godinu-3","status":"publish","type":"post","link":"https:\/\/svetaobitelj.hr\/?p=1518","title":{"rendered":"\u017dupne obavijesti: 24. nedjelja kroz godinu"},"content":{"rendered":"\n<ul class=\"wp-block-list\"><li><strong>Slavimo dvadeset i \u010detvrtu nedjelju kroz godinu. Redoviti sastanak Mjesnoga bratstva OFS-a je u 16:30 sati.<\/strong><\/li><\/ul>\n\n\n\n<ul class=\"wp-block-list\"><li><strong>Sutra slavimo blagdan Uzvi\u0161enja\nsv. Kri\u017ea. Svete mise su u 7:30 i 18:30 sati, a nakon ve\u010dernje svete mise bit\n\u0107e biblijski sat.<\/strong><\/li><\/ul>\n\n\n\n<ul class=\"wp-block-list\"><li><strong>U srijedu je nakon ve\u010dernje svete\nmise susret s roditeljima kandidata za prvu Ispovijed i Pri\u010dest koja je trebala\nbiti u svibnju ove godine, a susret je radi dogovora kako \u0107emo uskoro\nproslaviti prvopri\u010desni\u010dko slavlje. Ujedno obavje\u0161tavamo kandidate koji su\ntrebali primiti svetu Potvrdu u svibnju, odnosno srpnju ove godine, da \u0107e\npodjela svete Potvrde biti idu\u0107e godine najvjerojatnije krajem travnja.<\/strong><\/li><\/ul>\n\n\n\n<ul class=\"wp-block-list\"><li><strong>U \u010detvrtak slavimo blagdan Rana\nsv. Franje. Svete mise su u 7:30 i 18:30 sati. Nakon ve\u010dernje svete mise bit \u0107e\nklanjanje pred Presvetim.<\/strong><\/li><\/ul>\n\n\n\n<ul class=\"wp-block-list\"><li><strong>Petkom nakon ve\u010dernje svete mise\nbit \u0107e susreti molitvene zajednice koju \u0107e voditi na\u0161 \u017eupni vikar, fra Stjepan,\nna \u0161to ste svi pozvani.<\/strong><\/li><\/ul>\n\n\n\n<ul class=\"wp-block-list\"><li><strong>U subotu je u 11:00 sati susret\nministranata.<\/strong><\/li><\/ul>\n\n\n\n<ul class=\"wp-block-list\"><li><strong>Sljede\u0107e nedjelje slavimo dvadeset\ni petu nedjelju kroz godinu. Ujedno je Katehetska nedjelja u na\u0161oj Nadbiskupiji\npa \u0107emo na svetoj misi u 9:00 sati moliti za po\u010detak katehetske, vjeronau\u010dne i\n\u0161kolske godine.&nbsp; <\/strong><\/li><\/ul>\n\n\n\n<ul class=\"wp-block-list\"><li><strong>Pozivamo vas da svojim nov\u010danim\nprilozima pomognemo obnovu crkve i samostana na Kaptolu u Zagrebu koji su\nstradali prilikom razornog potresa. <\/strong><\/li><\/ul>\n\n\n\n<ul class=\"wp-block-list\"><li><strong>Prijave za one koji \u017eele primiti sakramente\npomirenja, pri\u010desti i potvrde (u\u010denici 3. razreda osnovne i 2. razreda srednje\n\u0161kole koji su ve\u0107 imali dvije pripravne godine \u017eupne kateheze), te svi ostali\nkoji su obvezni i\u0107i na kateheze (1., 2. i 8. razredi osnovnih \u0161kola i 1.\nrazredi srednjih \u0161kola) bit \u0107e 21., 22. i 23. rujna ove godine od 9 &#8211; 11 i od\n16 &#8211; 18 sati. Obvezno prilikom prijave donijeti \u017eupnu obiteljsku knji\u017eicu.\n<\/strong><\/li><\/ul>\n\n\n\n<ul class=\"wp-block-list\"><li><strong>Ovogodi\u0161nji katekumenat (priprava odraslih za primanje sakramenata kr\u0161\u0107anske inicijacije kr\u0161tenja, potvrde i pri\u010desti)\u00a0 zapo\u010dinje 13. listopada u 19 sati u vjeronau\u010dnoj dvorani \u017eupe Sv. Mihaela u Osijeku. Nije se potrebno unaprijed prijavljivati, nego je dovoljno do\u0107i na prvi susret kada \u0107e biti i upis. <\/strong><\/li><\/ul>\n\n\n\n<ul class=\"wp-block-list\"><li><strong>Molimo sve vas koji jo\u0161 nemate \u017eupnu obiteljsku knji\u017eicu ili je potrebno upisati promjene u postoje\u0107e, da se javite u \u017eupni ured. <\/strong><\/li><\/ul>\n\n\n\n<ul class=\"wp-block-list\"><li><strong>Kupujte i \u010ditajte vjerski tisak. <\/strong><\/li><\/ul>\n","protected":false},"excerpt":{"rendered":"<p>Slavimo dvadeset i \u010detvrtu nedjelju kroz godinu. Redoviti sastanak Mjesnoga bratstva OFS-a je u 16:30 sati. Sutra slavimo blagdan Uzvi\u0161enja sv. Kri\u017ea. Svete mise su u 7:30 i 18:30 sati, a nakon ve\u010dernje svete mise bit \u0107e biblijski sat. U srijedu je nakon ve\u010dernje svete mise susret s roditeljima kandidata za prvu Ispovijed i Pri\u010dest <a href=\"https:\/\/svetaobitelj.hr\/?p=1518\" class=\"more-link\">[&hellip;]<\/a><\/p>\n","protected":false},"author":2,"featured_media":0,"comment_status":"closed","ping_status":"open","sticky":false,"template":"","format":"standard","meta":{"footnotes":""},"categories":[3],"tags":[],"class_list":["entry","author-","post-1518","post","type-post","status-publish","format-standard","category-zupa"],"_links":{"self":[{"href":"https:\/\/svetaobitelj.hr\/index.php?rest_route=\/wp\/v2\/posts\/1518","targetHints":{"allow":["GET"]}}],"collection":[{"href":"https:\/\/svetaobitelj.hr\/index.php?rest_route=\/wp\/v2\/posts"}],"about":[{"href":"https:\/\/svetaobitelj.hr\/index.php?rest_route=\/wp\/v2\/types\/post"}],"author":[{"embeddable":true,"href":"https:\/\/svetaobitelj.hr\/index.php?rest_route=\/wp\/v2\/users\/2"}],"replies":[{"embeddable":true,"href":"https:\/\/svetaobitelj.hr\/index.php?rest_route=%2Fwp%2Fv2%2Fcomments&post=1518"}],"version-history":[{"count":1,"href":"https:\/\/svetaobitelj.hr\/index.php?rest_route=\/wp\/v2\/posts\/1518\/revisions"}],"predecessor-version":[{"id":1519,"href":"https:\/\/svetaobitelj.hr\/index.php?rest_route=\/wp\/v2\/posts\/1518\/revisions\/1519"}],"wp:attachment":[{"href":"https:\/\/svetaobitelj.hr\/index.php?rest_route=%2Fwp%2Fv2%2Fmedia&parent=1518"}],"wp:term":[{"taxonomy":"category","embeddable":true,"href":"https:\/\/svetaobitelj.hr\/index.php?rest_route=%2Fwp%2Fv2%2Fcategories&post=1518"},{"taxonomy":"post_tag","embeddable":true,"href":"https:\/\/svetaobitelj.hr\/index.php?rest_route=%2Fwp%2Fv2%2Ftags&post=1518"}],"curies":[{"name":"wp","href":"https:\/\/api.w.org\/{rel}","templated":true}]}}