{"id":1515,"date":"2020-09-05T14:39:44","date_gmt":"2020-09-05T13:39:44","guid":{"rendered":"http:\/\/svetaobitelj.hr\/?p=1515"},"modified":"2020-09-05T14:39:44","modified_gmt":"2020-09-05T13:39:44","slug":"zupne-obavijesti-23-nedjelja-kroz-godinu-2","status":"publish","type":"post","link":"https:\/\/svetaobitelj.hr\/?p=1515","title":{"rendered":"\u017dupne obavijesti: 23. nedjelja kroz godinu"},"content":{"rendered":"\n<ul class=\"wp-block-list\"><li>Slavimo dvadeset i tre\u0107u nedjelju kroz godinu. Prva je nedjelja u mjesecu kada se svojim molitvama i nov\u010danim prilozima sje\u0107amo na\u0161ih sjemeni\u0161ta te molimo za duhovna zvanja. Od danas raspored nedjeljnih svetih misa je prema redovitom rasporedu: 7:00; 9:00; 11:00 i 18:30 sati. <\/li><li>Ju\u010der nije bilo slavlje sve\u010danih zavjeta osmorice na\u0161e bra\u0107e u Zagrebu na Sigetu te je odgo\u0111eno do daljnjega zbog nepovoljne situacije u vezi s koronavirusom, a u svrhu prevencije i za\u0161tite svih sudionika proslave sve\u010danih zavjeta.<\/li><li>U utorak slavimo blagdan Ro\u0111enja Bla\u017eene Djevice Marije \u2013 Malu Gospu. Svete mise su u 7:30 i 18:30 sati.<\/li><li>U srijedu je u 18:15 pobo\u017enost na \u010dast bl. Mariji od Propetoga Petkovi\u0107.<br>Nakon ve\u010dernje svete mise bit \u0107e sastanak redara.<\/li><li>U \u010detvrtak je nakon ve\u010dernje svete mise susret \u010dita\u010da.<\/li><li>Sljede\u0107e nedjelje slavimo dvadeset i \u010detvrtu nedjelju kroz godinu. Redoviti sastanak Mjesnoga bratstva OFS-a bit \u0107e u 16:30 sati.<\/li><li>Pozivamo vas da svojim nov\u010danim prilozima pomognemo obnovu crkve i samostana na Kaptolu u Zagrebu koji su stradali prilikom razornog potresa. Svoje priloge mo\u017eete dati u ozna\u010denu \u0161krabicu pri izlazu iz crkve ili u \u017eupnom uredu u uredovno vrijeme.<\/li><li>Od 1. kolovoza do 10. listopada ove godine u sjedi\u0161te Nadbiskupijske zaklade \u201eDr. Nikola Dogan\u201c na adresu Caritasa \u0110akova\u010dko-osje\u010dke nadbiskupije, mogu se dostaviti molbe za dobivanje nov\u010dane pomo\u0107i u\u010denicima i studentima na\u0161e nadbiskupije. Sve informacije o uvjetima natje\u010daja i potrebnoj dokumentaciji mo\u017eete dobiti na www.caritas.djos.hr , od 1. kolovoza ove godine.<\/li><li>Pred nama je nova katehetska godina. Jo\u0161 uvijek ne znamo pod kojim \u0107emo uvjetima imati kateheze. Prijave za one koji \u017eele primiti sakramente pomirenja, pri\u010desti i potvrde (u\u010denici 3. razreda osnovne i 2. razreda srednje \u0161kole koji su ve\u0107 imali dvije pripravne godine \u017eupne kateheze), te svi ostali koji su obvezni i\u0107i na kateheze (1., 2. i 8. razredi osnovnih \u0161kola i 1. razredi srednjih \u0161kola) bit \u0107e 21., 22. i 23. rujna ove godine od 9 &#8211; 11 i od 16 &#8211; 18 sati. Obvezno prilikom prijave donijeti \u017eupnu obiteljsku knji\u017eicu.<\/li><li>Molimo sve vas koji jo\u0161 nemate \u017eupnu obiteljsku knji\u017eicu ili je potrebno upisati promjene u postoje\u0107e, da se javite u \u017eupni ured.<\/li><li>Kupujte i \u010ditajte vjerski tisak.<\/li><\/ul>\n","protected":false},"excerpt":{"rendered":"<p>Slavimo dvadeset i tre\u0107u nedjelju kroz godinu. Prva je nedjelja u mjesecu kada se svojim molitvama i nov\u010danim prilozima sje\u0107amo na\u0161ih sjemeni\u0161ta te molimo za duhovna zvanja. Od danas raspored nedjeljnih svetih misa je prema redovitom rasporedu: 7:00; 9:00; 11:00 i 18:30 sati. Ju\u010der nije bilo slavlje sve\u010danih zavjeta osmorice na\u0161e bra\u0107e u Zagrebu na <a href=\"https:\/\/svetaobitelj.hr\/?p=1515\" class=\"more-link\">[&hellip;]<\/a><\/p>\n","protected":false},"author":2,"featured_media":0,"comment_status":"closed","ping_status":"open","sticky":false,"template":"","format":"standard","meta":{"footnotes":""},"categories":[3],"tags":[],"class_list":["entry","author-","post-1515","post","type-post","status-publish","format-standard","category-zupa"],"_links":{"self":[{"href":"https:\/\/svetaobitelj.hr\/index.php?rest_route=\/wp\/v2\/posts\/1515","targetHints":{"allow":["GET"]}}],"collection":[{"href":"https:\/\/svetaobitelj.hr\/index.php?rest_route=\/wp\/v2\/posts"}],"about":[{"href":"https:\/\/svetaobitelj.hr\/index.php?rest_route=\/wp\/v2\/types\/post"}],"author":[{"embeddable":true,"href":"https:\/\/svetaobitelj.hr\/index.php?rest_route=\/wp\/v2\/users\/2"}],"replies":[{"embeddable":true,"href":"https:\/\/svetaobitelj.hr\/index.php?rest_route=%2Fwp%2Fv2%2Fcomments&post=1515"}],"version-history":[{"count":1,"href":"https:\/\/svetaobitelj.hr\/index.php?rest_route=\/wp\/v2\/posts\/1515\/revisions"}],"predecessor-version":[{"id":1516,"href":"https:\/\/svetaobitelj.hr\/index.php?rest_route=\/wp\/v2\/posts\/1515\/revisions\/1516"}],"wp:attachment":[{"href":"https:\/\/svetaobitelj.hr\/index.php?rest_route=%2Fwp%2Fv2%2Fmedia&parent=1515"}],"wp:term":[{"taxonomy":"category","embeddable":true,"href":"https:\/\/svetaobitelj.hr\/index.php?rest_route=%2Fwp%2Fv2%2Fcategories&post=1515"},{"taxonomy":"post_tag","embeddable":true,"href":"https:\/\/svetaobitelj.hr\/index.php?rest_route=%2Fwp%2Fv2%2Ftags&post=1515"}],"curies":[{"name":"wp","href":"https:\/\/api.w.org\/{rel}","templated":true}]}}