{"id":1508,"date":"2020-08-27T18:23:20","date_gmt":"2020-08-27T17:23:20","guid":{"rendered":"http:\/\/svetaobitelj.hr\/?p=1508"},"modified":"2020-08-27T18:23:20","modified_gmt":"2020-08-27T17:23:20","slug":"zupne-obavijesti-22-nedjelja-kroz-godinu-3","status":"publish","type":"post","link":"https:\/\/svetaobitelj.hr\/?p=1508","title":{"rendered":"\u017dupne obavijesti: 22. nedjelja kroz godinu"},"content":{"rendered":"\n<p>\u00a0\u00a0<\/p>\n\n\n\n<ul class=\"wp-block-list\"><li><strong>Slavimo dvadeset i drugu nedjelju kroz godinu. <\/strong><\/li><\/ul>\n\n\n\n<ul class=\"wp-block-list\"><li><strong>U subotu je pod ve\u010dernjom svetom\nmisom molitva za duhovna zvanja budu\u0107i da je prva subota u mjesecu.<\/strong><\/li><\/ul>\n\n\n\n<ul class=\"wp-block-list\"><li><strong>U subotu 05. rujna u <\/strong><strong>Zagrebu\nna Sigetu sve\u010dane zavjete \u0107e polo\u017eiti: <\/strong><strong><\/strong><\/li><\/ul>\n\n\n\n<p class=\"has-text-align-center\"><strong>fra IVAN IVANKOVI\u0106, iz Na\u0161ica,<\/strong><\/p>\n\n\n\n<p class=\"has-text-align-center\"><strong>fra MARKO BAGARI\u0106, iz Bukovice,<\/strong><\/p>\n\n\n\n<p class=\"has-text-align-center\"><strong>fra DAVID VRBANEC, iz \u010cakovca,<\/strong><\/p>\n\n\n\n<p class=\"has-text-align-center\"><strong>fra MARKO \u0106OSI\u0106, iz Petrinje,<\/strong><\/p>\n\n\n\n<p class=\"has-text-align-center\"><strong>fra ANTONIO KIRIN, iz Virovitice,<\/strong><\/p>\n\n\n\n<p class=\"has-text-align-center\"><strong>fra IVICA BERI\u0160I\u0106, iz Zagreba,<\/strong><\/p>\n\n\n\n<p class=\"has-text-align-center\"><strong>fra VINKO BRKOVI\u0106, iz Opatovca,<\/strong><strong><\/strong><\/p>\n\n\n\n<p class=\"has-text-align-center\"><strong>fra MARKO VUKOVI\u0106, iz Otoka.<\/strong><\/p>\n\n\n\n<ul class=\"wp-block-list\"><li><strong>Sljede\u0107e nedjelje slavimo dvadeset\ni tre\u0107u nedjelju kroz godinu. Prva je nedjelja u mjesecu kada se svojim\nmolitvama i nov\u010danim prilozima sje\u0107amo na\u0161ih sjemeni\u0161ta te molimo za duhovna\nzvanja. Pod jutarnjom svetom misom molit \u0107emo za dobro\u010dinitelje ove na\u0161e crkve\ni samostana. Od sljede\u0107e nedjelje raspored nedjeljnih svetih misa je prema\nredovitom rasporedu: 7:00; 9:00; 11:00 i 18:30 sati.<\/strong><\/li><\/ul>\n\n\n\n<ul class=\"wp-block-list\"><li><strong>Pozivamo vas da svojim nov\u010danim\nprilozima pomognemo obnovu crkve i samostana na Kaptolu u Zagrebu koji su\nstradali prilikom razornog potresa. Svoje priloge mo\u017eete dati u ozna\u010denu\n\u0161krabicu pri izlazu iz crkve ili u \u017eupnom uredu u uredovno vrijeme. <\/strong><\/li><\/ul>\n\n\n\n<ul class=\"wp-block-list\"><li><strong>Od 1. kolovoza do 10. listopada\nove godine u sjedi\u0161te Nadbiskupijske zaklade \u201eDr. Nikola Dogan\u201c na adresu\nCaritasa \u0110akova\u010dko-osje\u010dke nadbiskupije, mogu se dostaviti molbe za dobivanje\nnov\u010dane pomo\u0107i u\u010denicima i studentima na\u0161e nadbiskupije. Sve informacije o\nuvjetima natje\u010daja i potrebnoj dokumentaciji mo\u017eete dobiti na <a href=\"http:\/\/www.caritas.djos.hr\">www.caritas.djos.hr<\/a>, od 1. kolovoza ove godine.<\/strong><\/li><\/ul>\n\n\n\n<ul class=\"wp-block-list\"><li><strong>Molimo sve\nvas koji jo\u0161 nemate \u017eupnu obiteljsku knji\u017eicu ili je potrebno upisati promjene\nu postoje\u0107e, da se javite u \u017eupni ured.<\/strong><strong><\/strong><\/li><\/ul>\n\n\n\n<ul class=\"wp-block-list\"><li><strong>Kupujte i \u010ditajte vjerski tisak. <\/strong><\/li><\/ul>\n","protected":false},"excerpt":{"rendered":"<p>\u00a0\u00a0 Slavimo dvadeset i drugu nedjelju kroz godinu. U subotu je pod ve\u010dernjom svetom misom molitva za duhovna zvanja budu\u0107i da je prva subota u mjesecu. U subotu 05. rujna u Zagrebu na Sigetu sve\u010dane zavjete \u0107e polo\u017eiti: fra IVAN IVANKOVI\u0106, iz Na\u0161ica, fra MARKO BAGARI\u0106, iz Bukovice, fra DAVID VRBANEC, iz \u010cakovca, fra MARKO <a href=\"https:\/\/svetaobitelj.hr\/?p=1508\" class=\"more-link\">[&hellip;]<\/a><\/p>\n","protected":false},"author":2,"featured_media":0,"comment_status":"closed","ping_status":"open","sticky":false,"template":"","format":"standard","meta":{"footnotes":""},"categories":[3],"tags":[],"class_list":["entry","author-","post-1508","post","type-post","status-publish","format-standard","category-zupa"],"_links":{"self":[{"href":"https:\/\/svetaobitelj.hr\/index.php?rest_route=\/wp\/v2\/posts\/1508","targetHints":{"allow":["GET"]}}],"collection":[{"href":"https:\/\/svetaobitelj.hr\/index.php?rest_route=\/wp\/v2\/posts"}],"about":[{"href":"https:\/\/svetaobitelj.hr\/index.php?rest_route=\/wp\/v2\/types\/post"}],"author":[{"embeddable":true,"href":"https:\/\/svetaobitelj.hr\/index.php?rest_route=\/wp\/v2\/users\/2"}],"replies":[{"embeddable":true,"href":"https:\/\/svetaobitelj.hr\/index.php?rest_route=%2Fwp%2Fv2%2Fcomments&post=1508"}],"version-history":[{"count":1,"href":"https:\/\/svetaobitelj.hr\/index.php?rest_route=\/wp\/v2\/posts\/1508\/revisions"}],"predecessor-version":[{"id":1509,"href":"https:\/\/svetaobitelj.hr\/index.php?rest_route=\/wp\/v2\/posts\/1508\/revisions\/1509"}],"wp:attachment":[{"href":"https:\/\/svetaobitelj.hr\/index.php?rest_route=%2Fwp%2Fv2%2Fmedia&parent=1508"}],"wp:term":[{"taxonomy":"category","embeddable":true,"href":"https:\/\/svetaobitelj.hr\/index.php?rest_route=%2Fwp%2Fv2%2Fcategories&post=1508"},{"taxonomy":"post_tag","embeddable":true,"href":"https:\/\/svetaobitelj.hr\/index.php?rest_route=%2Fwp%2Fv2%2Ftags&post=1508"}],"curies":[{"name":"wp","href":"https:\/\/api.w.org\/{rel}","templated":true}]}}