{"id":1497,"date":"2020-08-05T08:05:01","date_gmt":"2020-08-05T07:05:01","guid":{"rendered":"http:\/\/svetaobitelj.hr\/?p=1497"},"modified":"2020-08-05T08:05:01","modified_gmt":"2020-08-05T07:05:01","slug":"dan-pobjede-i-domovinske-zahvalnosti-i-dan-hrvatskih-branitelja","status":"publish","type":"post","link":"https:\/\/svetaobitelj.hr\/?p=1497","title":{"rendered":"Dan pobjede i domovinske zahvalnosti i Dan hrvatskih branitelja"},"content":{"rendered":"\n<p>Najzaslu\u017enijima za na\u0161u domovinu,na\u0161im hrvatskim braniteljima,\u010dlanovima njihovih obitelji i svim Hrvaticama i Hrvatima sretan Dan pobjede,a na\u0161im herojima njihov dan. Molimo dragog Boga za sve ubijene,nestale i umrle hrvatske sinove i kceri.Neka Njegov blagoslov bude nad ljubljenom nam domovinom i svima nama. Nikada ne smijemo zaboraviti ogromnu \u017ertvu onih koji su dali najvrijednije \u0161to su imali za na\u0161u slobodu. Na dana\u0161nji dan s tugom i ponosom,ali i zahvalom Gospodinu i njima,gardi hrvatskoj istaknimo visoko stijegove i odajmo im po\u010dast.<\/p>\n\n\n\n<p>Bo\u017ee,\u010duvaj na\u0161u Hrvatsku!<\/p>\n\n\n\n\n\n<figure class=\"wp-block-image size-large\"><img loading=\"lazy\" decoding=\"async\" width=\"810\" height=\"500\" src=\"http:\/\/svetaobitelj.hr\/wp-content\/uploads\/2020\/08\/oluja-oslobodjenje-101.jpg\" alt=\"\" class=\"wp-image-1498\" srcset=\"https:\/\/svetaobitelj.hr\/wp-content\/uploads\/2020\/08\/oluja-oslobodjenje-101.jpg 810w, https:\/\/svetaobitelj.hr\/wp-content\/uploads\/2020\/08\/oluja-oslobodjenje-101-300x185.jpg 300w, https:\/\/svetaobitelj.hr\/wp-content\/uploads\/2020\/08\/oluja-oslobodjenje-101-768x474.jpg 768w\" sizes=\"auto, (max-width: 810px) 100vw, 810px\" \/><\/figure>\n","protected":false},"excerpt":{"rendered":"<p>Najzaslu\u017enijima za na\u0161u domovinu,na\u0161im hrvatskim braniteljima,\u010dlanovima njihovih obitelji i svim Hrvaticama i Hrvatima sretan Dan pobjede,a na\u0161im herojima njihov dan. Molimo dragog Boga za sve ubijene,nestale i umrle hrvatske sinove i kceri.Neka Njegov blagoslov bude nad ljubljenom nam domovinom i svima nama. Nikada ne smijemo zaboraviti ogromnu \u017ertvu onih koji su dali najvrijednije \u0161to su <a href=\"https:\/\/svetaobitelj.hr\/?p=1497\" class=\"more-link\">[&hellip;]<\/a><\/p>\n","protected":false},"author":2,"featured_media":0,"comment_status":"closed","ping_status":"open","sticky":false,"template":"","format":"standard","meta":{"footnotes":""},"categories":[3],"tags":[],"class_list":["entry","author-","post-1497","post","type-post","status-publish","format-standard","category-zupa"],"_links":{"self":[{"href":"https:\/\/svetaobitelj.hr\/index.php?rest_route=\/wp\/v2\/posts\/1497","targetHints":{"allow":["GET"]}}],"collection":[{"href":"https:\/\/svetaobitelj.hr\/index.php?rest_route=\/wp\/v2\/posts"}],"about":[{"href":"https:\/\/svetaobitelj.hr\/index.php?rest_route=\/wp\/v2\/types\/post"}],"author":[{"embeddable":true,"href":"https:\/\/svetaobitelj.hr\/index.php?rest_route=\/wp\/v2\/users\/2"}],"replies":[{"embeddable":true,"href":"https:\/\/svetaobitelj.hr\/index.php?rest_route=%2Fwp%2Fv2%2Fcomments&post=1497"}],"version-history":[{"count":1,"href":"https:\/\/svetaobitelj.hr\/index.php?rest_route=\/wp\/v2\/posts\/1497\/revisions"}],"predecessor-version":[{"id":1499,"href":"https:\/\/svetaobitelj.hr\/index.php?rest_route=\/wp\/v2\/posts\/1497\/revisions\/1499"}],"wp:attachment":[{"href":"https:\/\/svetaobitelj.hr\/index.php?rest_route=%2Fwp%2Fv2%2Fmedia&parent=1497"}],"wp:term":[{"taxonomy":"category","embeddable":true,"href":"https:\/\/svetaobitelj.hr\/index.php?rest_route=%2Fwp%2Fv2%2Fcategories&post=1497"},{"taxonomy":"post_tag","embeddable":true,"href":"https:\/\/svetaobitelj.hr\/index.php?rest_route=%2Fwp%2Fv2%2Ftags&post=1497"}],"curies":[{"name":"wp","href":"https:\/\/api.w.org\/{rel}","templated":true}]}}