{"id":1494,"date":"2020-08-01T19:17:08","date_gmt":"2020-08-01T18:17:08","guid":{"rendered":"http:\/\/svetaobitelj.hr\/?p=1494"},"modified":"2020-08-01T19:17:08","modified_gmt":"2020-08-01T18:17:08","slug":"zupne-obavijesti-18-nedjelja-kroz-godinu-3","status":"publish","type":"post","link":"https:\/\/svetaobitelj.hr\/?p=1494","title":{"rendered":"\u017dupne obavijesti: 18. nedjelja kroz godinu"},"content":{"rendered":"\n<ul class=\"wp-block-list\"><li><strong>Slavimo osamnaestu nedjelju kroz godinu. Prva je nedjelja u mjesecu kada se svojim molitvama i nov\u010danim prilozima sje\u0107amo na\u0161ih sjemeni\u0161ta te molimo za duhovna zvanja. <\/strong><\/li><\/ul>\n\n\n\n<ul class=\"wp-block-list\"><li><strong>U srijedu je Dan pobjede, Dan\ndomovinske zahvalnosti i Dan hrvatskih branitelja. Sveta misa za Domovinu bit\n\u0107e u na\u0161oj \u017eupnoj crkvi u 18:30 sati.<\/strong><\/li><\/ul>\n\n\n\n<ul class=\"wp-block-list\"><li><strong>U \u010detvrtak slavimo Preobra\u017eenje\nGospodinovo \u2013 Bo\u017eje lice. Svete mise su u na\u0161oj \u017eupnoj crkvi u 7:30 i 18:30\nsati.<\/strong><\/li><\/ul>\n\n\n\n<ul class=\"wp-block-list\"><li><strong>Sljede\u0107e nedjelje slavimo devetnaestu\nnedjelju kroz godinu. <\/strong><\/li><\/ul>\n\n\n\n<ul class=\"wp-block-list\"><li><strong>Pozivamo vas da svojim nov\u010danim\nprilozima pomognemo obnovu crkve i samostana na Kaptolu u Zagrebu koji su\nstradali prilikom razornog potresa. Svoje priloge mo\u017eete dati u ozna\u010denu\n\u0161krabicu pri izlazu iz crkve ili u \u017eupnom uredu u uredovno vrijeme. <\/strong><\/li><\/ul>\n\n\n\n<ul class=\"wp-block-list\"><li><strong>Od 1. kolovoza do 10. listopada\nove godine u sjedi\u0161te Nadbiskupijske zaklade \u201eDr. Nikola Dogan\u201c na adresu\nCaritasa \u0110akova\u010dko-osje\u010dke nadbiskupije, mogu se dostaviti molbe za dobivanje\nnov\u010dane pomo\u0107i u\u010denicima i studentima na\u0161e nadbiskupije. Sve informacije o\nuvjetima natje\u010daja i potrebnoj dokumentaciji mo\u017eete dobiti na <a href=\"http:\/\/www.caritas.djos.hr\">www.caritas.djos.hr<\/a>, od 1. kolovoza ove\ngodine.<\/strong><\/li><\/ul>\n\n\n\n<ul class=\"wp-block-list\"><li><strong>Molimo sve\nvas koji jo\u0161 nemate \u017eupnu obiteljsku knji\u017eicu ili je potrebno upisati promjene\nu postoje\u0107e, da se javite u \u017eupni ured.<\/strong><strong><\/strong><\/li><\/ul>\n\n\n\n<ul class=\"wp-block-list\"><li><strong>Kupujte i \u010ditajte vjerski tisak. <\/strong><\/li><\/ul>\n","protected":false},"excerpt":{"rendered":"<p>Slavimo osamnaestu nedjelju kroz godinu. Prva je nedjelja u mjesecu kada se svojim molitvama i nov\u010danim prilozima sje\u0107amo na\u0161ih sjemeni\u0161ta te molimo za duhovna zvanja. U srijedu je Dan pobjede, Dan domovinske zahvalnosti i Dan hrvatskih branitelja. Sveta misa za Domovinu bit \u0107e u na\u0161oj \u017eupnoj crkvi u 18:30 sati. U \u010detvrtak slavimo Preobra\u017eenje Gospodinovo <a href=\"https:\/\/svetaobitelj.hr\/?p=1494\" class=\"more-link\">[&hellip;]<\/a><\/p>\n","protected":false},"author":2,"featured_media":0,"comment_status":"closed","ping_status":"open","sticky":false,"template":"","format":"standard","meta":{"footnotes":""},"categories":[3],"tags":[],"class_list":["entry","author-","post-1494","post","type-post","status-publish","format-standard","category-zupa"],"_links":{"self":[{"href":"https:\/\/svetaobitelj.hr\/index.php?rest_route=\/wp\/v2\/posts\/1494","targetHints":{"allow":["GET"]}}],"collection":[{"href":"https:\/\/svetaobitelj.hr\/index.php?rest_route=\/wp\/v2\/posts"}],"about":[{"href":"https:\/\/svetaobitelj.hr\/index.php?rest_route=\/wp\/v2\/types\/post"}],"author":[{"embeddable":true,"href":"https:\/\/svetaobitelj.hr\/index.php?rest_route=\/wp\/v2\/users\/2"}],"replies":[{"embeddable":true,"href":"https:\/\/svetaobitelj.hr\/index.php?rest_route=%2Fwp%2Fv2%2Fcomments&post=1494"}],"version-history":[{"count":1,"href":"https:\/\/svetaobitelj.hr\/index.php?rest_route=\/wp\/v2\/posts\/1494\/revisions"}],"predecessor-version":[{"id":1495,"href":"https:\/\/svetaobitelj.hr\/index.php?rest_route=\/wp\/v2\/posts\/1494\/revisions\/1495"}],"wp:attachment":[{"href":"https:\/\/svetaobitelj.hr\/index.php?rest_route=%2Fwp%2Fv2%2Fmedia&parent=1494"}],"wp:term":[{"taxonomy":"category","embeddable":true,"href":"https:\/\/svetaobitelj.hr\/index.php?rest_route=%2Fwp%2Fv2%2Fcategories&post=1494"},{"taxonomy":"post_tag","embeddable":true,"href":"https:\/\/svetaobitelj.hr\/index.php?rest_route=%2Fwp%2Fv2%2Ftags&post=1494"}],"curies":[{"name":"wp","href":"https:\/\/api.w.org\/{rel}","templated":true}]}}