{"id":1485,"date":"2020-07-25T09:06:04","date_gmt":"2020-07-25T08:06:04","guid":{"rendered":"http:\/\/svetaobitelj.hr\/?p=1485"},"modified":"2020-07-25T09:06:04","modified_gmt":"2020-07-25T08:06:04","slug":"zupne-obavijesti-17-nedjelja-kroz-godinu-3","status":"publish","type":"post","link":"https:\/\/svetaobitelj.hr\/?p=1485","title":{"rendered":"\u017dupne obavijesti: 17. nedjelja kroz godinu"},"content":{"rendered":"\n<p>Slavimo sedamnaestu nedjelju kroz godinu.<\/p>\n\n\n\n<ul class=\"wp-block-list\"><li>Zbog upita nekih na\u0161ih vjernika, od utorka primamo misne nakane za  sljede\u0107u godinu u \u017eupnom uredu u uredovno vrijeme.<\/li><li>U subotu pod ve\u010dernjom svetom misom molimo za duhovna zvanja, budu\u0107i da je prva subota u mjesecu.<\/li><li>Sljede\u0107e nedjelje slavimo osamnaestu nedjelju kroz godinu. Prva je nedjelja u mjesecu kada se svojim molitvama i nov\u010danim prilozima sje\u0107amo na\u0161ih sjemeni\u0161ta te molimo za duhovna zvanja. Pod jutarnjom svetom misom molimo za dobro\u010dinitelje na\u0161e crkve i samostana.<\/li><li>Prilikom razornog potresa u Zagrebu i njegovoj okolici te\u0161ko je o\u0161te\u0107ena i na\u0161a franjeva\u010dka crkva i samostan na Kaptolu. Pozivamo vas da svojim nov\u010danim prilozima pomognemo obnovu crkve i samostana na Kaptolu u Zagrebu. Svoje priloge mo\u017eete dati u ozna\u010denu \u0161krabicu pri izlazu iz crkve ili u \u017eupnom uredu u uredovno vrijeme.<\/li><li>Od 1. kolovoza do 10. listopada ove godine u sjedi\u0161te Nadbiskupijske zaklade \u201eDr. Nikola Dogan\u201c na adresu Caritasa \u0110akova\u010dko-osje\u010dke nadbiskupije, mogu se dostaviti molbe za dobivanje nov\u010dane pomo\u0107i u\u010denicima i studentima na\u0161e nadbiskupije. Sve informacije o uvjetima natje\u010daja i potrebnoj dokumentaciji mo\u017eete dobiti na  www.caritas.djos.hr , od 1. kolovoza ove godine.<\/li><li>Molimo sve vas koji jo\u0161 nemate \u017eupnu obiteljsku knji\u017eicu ili je potrebno upisati promjene u postoje\u0107e, da se javite u \u017eupni ured.<\/li><li>Kupujte i \u010ditajte vjerski tisak.<\/li><\/ul>\n","protected":false},"excerpt":{"rendered":"<p>Slavimo sedamnaestu nedjelju kroz godinu. Zbog upita nekih na\u0161ih vjernika, od utorka primamo misne nakane za sljede\u0107u godinu u \u017eupnom uredu u uredovno vrijeme. U subotu pod ve\u010dernjom svetom misom molimo za duhovna zvanja, budu\u0107i da je prva subota u mjesecu. Sljede\u0107e nedjelje slavimo osamnaestu nedjelju kroz godinu. Prva je nedjelja u mjesecu kada se <a href=\"https:\/\/svetaobitelj.hr\/?p=1485\" class=\"more-link\">[&hellip;]<\/a><\/p>\n","protected":false},"author":2,"featured_media":0,"comment_status":"closed","ping_status":"open","sticky":false,"template":"","format":"standard","meta":{"footnotes":""},"categories":[3],"tags":[],"class_list":["entry","author-","post-1485","post","type-post","status-publish","format-standard","category-zupa"],"_links":{"self":[{"href":"https:\/\/svetaobitelj.hr\/index.php?rest_route=\/wp\/v2\/posts\/1485","targetHints":{"allow":["GET"]}}],"collection":[{"href":"https:\/\/svetaobitelj.hr\/index.php?rest_route=\/wp\/v2\/posts"}],"about":[{"href":"https:\/\/svetaobitelj.hr\/index.php?rest_route=\/wp\/v2\/types\/post"}],"author":[{"embeddable":true,"href":"https:\/\/svetaobitelj.hr\/index.php?rest_route=\/wp\/v2\/users\/2"}],"replies":[{"embeddable":true,"href":"https:\/\/svetaobitelj.hr\/index.php?rest_route=%2Fwp%2Fv2%2Fcomments&post=1485"}],"version-history":[{"count":2,"href":"https:\/\/svetaobitelj.hr\/index.php?rest_route=\/wp\/v2\/posts\/1485\/revisions"}],"predecessor-version":[{"id":1487,"href":"https:\/\/svetaobitelj.hr\/index.php?rest_route=\/wp\/v2\/posts\/1485\/revisions\/1487"}],"wp:attachment":[{"href":"https:\/\/svetaobitelj.hr\/index.php?rest_route=%2Fwp%2Fv2%2Fmedia&parent=1485"}],"wp:term":[{"taxonomy":"category","embeddable":true,"href":"https:\/\/svetaobitelj.hr\/index.php?rest_route=%2Fwp%2Fv2%2Fcategories&post=1485"},{"taxonomy":"post_tag","embeddable":true,"href":"https:\/\/svetaobitelj.hr\/index.php?rest_route=%2Fwp%2Fv2%2Ftags&post=1485"}],"curies":[{"name":"wp","href":"https:\/\/api.w.org\/{rel}","templated":true}]}}