{"id":1481,"date":"2020-07-18T17:38:36","date_gmt":"2020-07-18T16:38:36","guid":{"rendered":"http:\/\/svetaobitelj.hr\/?p=1481"},"modified":"2020-07-18T17:38:36","modified_gmt":"2020-07-18T16:38:36","slug":"zupne-obavijesti-16-nedjelja-kroz-godinu-3","status":"publish","type":"post","link":"https:\/\/svetaobitelj.hr\/?p=1481","title":{"rendered":"\u017dupne obavijesti: 16. nedjelja kroz godinu"},"content":{"rendered":"\n<ul class=\"wp-block-list\"><li>Slavimo \u0161esnaestu nedjelju kroz godinu. Kao molitvu i podr\u0161ku radu na\u0161ih misionara danas nakon svetih misa skupljamo nov\u010dane priloge za misije i misionare. <\/li><li>Sljede\u0107e nedjelje slavimo sedamnaestu nedjelju kroz godinu.<\/li><li>Prilikom razornog potresa u Zagrebu i njegovoj okolici te\u0161ko je o\u0161te\u0107ena i na\u0161a franjeva\u010dka crkva i samostan na Kaptolu. Pozivamo vas da svojim nov\u010danim prilozima pomognemo obnovu crkve i samostana na Kaptolu u Zagrebu. Svoje priloge mo\u017eete dati u ozna\u010denu \u0161krabicu pri izlazu iz crkve ili u \u017eupnom uredu u uredovno vrijeme.<\/li><li>Od 1. kolovoza do 10. listopada ove godine u sjedi\u0161te Nadbiskupijske zaklade \u201eDr. Nikola Dogan\u201c na adresu Caritasa \u0110akova\u010dko-osje\u010dke nadbiskupije, mogu se dostaviti molbe za dobivanje nov\u010dane pomo\u0107i u\u010denicima i studentima na\u0161e nadbiskupije. Sve informacije o uvjetima natje\u010daja i potrebnoj dokumentaciji mo\u017eete dobiti na www.caritas.djos.hr , od 1. kolovoza ove godine.<\/li><li>Molimo sve vas koji jo\u0161 nemate \u017eupnu obiteljsku knji\u017eicu ili je potrebno upisati promjene u postoje\u0107e, da se javite u \u017eupni ured.<\/li><li>Proteklog tjedna u Samoboru je bilo zasjedanje Definitorija ili uprave na\u0161e Hrvatske franjeva\u010dke provincije sv. \u0106irila i Metoda. Odlukom Definitorija do\u0161lo je do promjena u na\u0161em osje\u010dkom bratstvu: gvardijan je fra Zoltan Dukai, a fra Ante Perkovi\u0107 je premje\u0161ten u Slavonski Brod. \u010casni brat fra Miroslav Petrac premje\u0161ten je sa Kaptola u Zagrebu u na\u0161 samostan u Tvr\u0111i gdje \u0107e biti na slu\u017ebu samostana. Fra Josip Vukoja premje\u0161ten je u Na\u0161ice gdje \u0107e biti \u017eupni vikar, a u na\u0161u \u017eupu premje\u0161ten je iz Na\u0161ica fra Stjepan Hrka\u010d koji \u0107e biti \u017eupni vikar. Premje\u0161taji \u0107e biti u kolovozu ove godine.<\/li><li>Kupujte i \u010ditajte vjerski tisak.<\/li><\/ul>\n","protected":false},"excerpt":{"rendered":"<p>Slavimo \u0161esnaestu nedjelju kroz godinu. Kao molitvu i podr\u0161ku radu na\u0161ih misionara danas nakon svetih misa skupljamo nov\u010dane priloge za misije i misionare. Sljede\u0107e nedjelje slavimo sedamnaestu nedjelju kroz godinu. Prilikom razornog potresa u Zagrebu i njegovoj okolici te\u0161ko je o\u0161te\u0107ena i na\u0161a franjeva\u010dka crkva i samostan na Kaptolu. Pozivamo vas da svojim nov\u010danim prilozima <a href=\"https:\/\/svetaobitelj.hr\/?p=1481\" class=\"more-link\">[&hellip;]<\/a><\/p>\n","protected":false},"author":2,"featured_media":0,"comment_status":"closed","ping_status":"open","sticky":false,"template":"","format":"standard","meta":{"footnotes":""},"categories":[3],"tags":[],"class_list":["entry","author-","post-1481","post","type-post","status-publish","format-standard","category-zupa"],"_links":{"self":[{"href":"https:\/\/svetaobitelj.hr\/index.php?rest_route=\/wp\/v2\/posts\/1481","targetHints":{"allow":["GET"]}}],"collection":[{"href":"https:\/\/svetaobitelj.hr\/index.php?rest_route=\/wp\/v2\/posts"}],"about":[{"href":"https:\/\/svetaobitelj.hr\/index.php?rest_route=\/wp\/v2\/types\/post"}],"author":[{"embeddable":true,"href":"https:\/\/svetaobitelj.hr\/index.php?rest_route=\/wp\/v2\/users\/2"}],"replies":[{"embeddable":true,"href":"https:\/\/svetaobitelj.hr\/index.php?rest_route=%2Fwp%2Fv2%2Fcomments&post=1481"}],"version-history":[{"count":1,"href":"https:\/\/svetaobitelj.hr\/index.php?rest_route=\/wp\/v2\/posts\/1481\/revisions"}],"predecessor-version":[{"id":1482,"href":"https:\/\/svetaobitelj.hr\/index.php?rest_route=\/wp\/v2\/posts\/1481\/revisions\/1482"}],"wp:attachment":[{"href":"https:\/\/svetaobitelj.hr\/index.php?rest_route=%2Fwp%2Fv2%2Fmedia&parent=1481"}],"wp:term":[{"taxonomy":"category","embeddable":true,"href":"https:\/\/svetaobitelj.hr\/index.php?rest_route=%2Fwp%2Fv2%2Fcategories&post=1481"},{"taxonomy":"post_tag","embeddable":true,"href":"https:\/\/svetaobitelj.hr\/index.php?rest_route=%2Fwp%2Fv2%2Ftags&post=1481"}],"curies":[{"name":"wp","href":"https:\/\/api.w.org\/{rel}","templated":true}]}}