{"id":1476,"date":"2020-07-18T13:17:00","date_gmt":"2020-07-18T12:17:00","guid":{"rendered":"http:\/\/svetaobitelj.hr\/?p=1476"},"modified":"2020-07-18T13:17:00","modified_gmt":"2020-07-18T12:17:00","slug":"izbori-u-ofs-u","status":"publish","type":"post","link":"https:\/\/svetaobitelj.hr\/?p=1476","title":{"rendered":"Izbori u OFS-u"},"content":{"rendered":"\n<div class=\"wp-block-image\"><figure class=\"aligncenter size-large is-resized\"><img loading=\"lazy\" decoding=\"async\" src=\"http:\/\/svetaobitelj.hr\/wp-content\/uploads\/2020\/07\/Slika1-1024x1024.jpg\" alt=\"\" class=\"wp-image-1477\" width=\"579\" height=\"579\" srcset=\"https:\/\/svetaobitelj.hr\/wp-content\/uploads\/2020\/07\/Slika1-1024x1024.jpg 1024w, https:\/\/svetaobitelj.hr\/wp-content\/uploads\/2020\/07\/Slika1-300x300.jpg 300w, https:\/\/svetaobitelj.hr\/wp-content\/uploads\/2020\/07\/Slika1-150x150.jpg 150w, https:\/\/svetaobitelj.hr\/wp-content\/uploads\/2020\/07\/Slika1-768x768.jpg 768w, https:\/\/svetaobitelj.hr\/wp-content\/uploads\/2020\/07\/Slika1-1536x1536.jpg 1536w, https:\/\/svetaobitelj.hr\/wp-content\/uploads\/2020\/07\/Slika1.jpg 1600w\" sizes=\"auto, (max-width: 579px) 100vw, 579px\" \/><\/figure><\/div>\n\n\n\n<p><\/p>\n\n\n\n<p> U na\u0161oj \u017eupi su 27. lipnja odr\u017eani izbori za novo vije\u0107e mjesnog bratsva OFS-a.\u00a0Izborno povjerenstvo su \u010dinili: Podru\u010dna ministra Ankica \u0160eri\u0107, Podru\u010dni duhovni asistent bio je fra Drago Brezovec, te Podru\u010dna tajnica Lukrecija \u0160tark, dok su Ana \u0160imovi\u0107 i Blanka Ratkovi\u0107 brojale glasove. Glasovalo je 26 zavjetovanih \u010dlanova sa pravom glasa. Novoizabrani \u010dlanovi Vije\u0107a su: Ana Beer, ministra; Stipe Crnkovi\u0107, doministar; Filipina \u0160arga\u010d, tajnica; Jasna Hazenauer, u\u010diteljica novaka; Dragan Crnkovi\u0107, blagajnik, te Krunoslav Janc, povjerenik za FRAMU. <\/p>\n\n\n\n<figure class=\"wp-block-image size-large\"><img loading=\"lazy\" decoding=\"async\" width=\"1024\" height=\"1024\" src=\"http:\/\/svetaobitelj.hr\/wp-content\/uploads\/2020\/07\/Slika2-1024x1024.jpg\" alt=\"\" class=\"wp-image-1478\" srcset=\"https:\/\/svetaobitelj.hr\/wp-content\/uploads\/2020\/07\/Slika2-1024x1024.jpg 1024w, https:\/\/svetaobitelj.hr\/wp-content\/uploads\/2020\/07\/Slika2-300x300.jpg 300w, https:\/\/svetaobitelj.hr\/wp-content\/uploads\/2020\/07\/Slika2-150x150.jpg 150w, https:\/\/svetaobitelj.hr\/wp-content\/uploads\/2020\/07\/Slika2-768x768.jpg 768w, https:\/\/svetaobitelj.hr\/wp-content\/uploads\/2020\/07\/Slika2-1536x1536.jpg 1536w, https:\/\/svetaobitelj.hr\/wp-content\/uploads\/2020\/07\/Slika2.jpg 1600w\" sizes=\"auto, (max-width: 1024px) 100vw, 1024px\" \/><\/figure>\n","protected":false},"excerpt":{"rendered":"<p>U na\u0161oj \u017eupi su 27. lipnja odr\u017eani izbori za novo vije\u0107e mjesnog bratsva OFS-a.\u00a0Izborno povjerenstvo su \u010dinili: Podru\u010dna ministra Ankica \u0160eri\u0107, Podru\u010dni duhovni asistent bio je fra Drago Brezovec, te Podru\u010dna tajnica Lukrecija \u0160tark, dok su Ana \u0160imovi\u0107 i Blanka Ratkovi\u0107 brojale glasove. Glasovalo je 26 zavjetovanih \u010dlanova sa pravom glasa. Novoizabrani \u010dlanovi Vije\u0107a su: <a href=\"https:\/\/svetaobitelj.hr\/?p=1476\" class=\"more-link\">[&hellip;]<\/a><\/p>\n","protected":false},"author":2,"featured_media":0,"comment_status":"closed","ping_status":"open","sticky":false,"template":"","format":"standard","meta":{"footnotes":""},"categories":[3],"tags":[],"class_list":["entry","author-","post-1476","post","type-post","status-publish","format-standard","category-zupa"],"_links":{"self":[{"href":"https:\/\/svetaobitelj.hr\/index.php?rest_route=\/wp\/v2\/posts\/1476","targetHints":{"allow":["GET"]}}],"collection":[{"href":"https:\/\/svetaobitelj.hr\/index.php?rest_route=\/wp\/v2\/posts"}],"about":[{"href":"https:\/\/svetaobitelj.hr\/index.php?rest_route=\/wp\/v2\/types\/post"}],"author":[{"embeddable":true,"href":"https:\/\/svetaobitelj.hr\/index.php?rest_route=\/wp\/v2\/users\/2"}],"replies":[{"embeddable":true,"href":"https:\/\/svetaobitelj.hr\/index.php?rest_route=%2Fwp%2Fv2%2Fcomments&post=1476"}],"version-history":[{"count":1,"href":"https:\/\/svetaobitelj.hr\/index.php?rest_route=\/wp\/v2\/posts\/1476\/revisions"}],"predecessor-version":[{"id":1479,"href":"https:\/\/svetaobitelj.hr\/index.php?rest_route=\/wp\/v2\/posts\/1476\/revisions\/1479"}],"wp:attachment":[{"href":"https:\/\/svetaobitelj.hr\/index.php?rest_route=%2Fwp%2Fv2%2Fmedia&parent=1476"}],"wp:term":[{"taxonomy":"category","embeddable":true,"href":"https:\/\/svetaobitelj.hr\/index.php?rest_route=%2Fwp%2Fv2%2Fcategories&post=1476"},{"taxonomy":"post_tag","embeddable":true,"href":"https:\/\/svetaobitelj.hr\/index.php?rest_route=%2Fwp%2Fv2%2Ftags&post=1476"}],"curies":[{"name":"wp","href":"https:\/\/api.w.org\/{rel}","templated":true}]}}